{"id":24537,"date":"2022-08-17T10:40:36","date_gmt":"2022-08-17T08:40:36","guid":{"rendered":"https:\/\/blogs.elcomercio.es\/reflexiones-de-belarmino\/?p=24537"},"modified":"2022-08-17T10:40:36","modified_gmt":"2022-08-17T08:40:36","slug":"cuatro-anos-en-que-los-herederos-del-franquismo-ilegalmente-no-sueltan-el-poder-judicial","status":"publish","type":"post","link":"https:\/\/blogs.elcomercio.es\/reflexiones-de-belarmino\/2022\/08\/17\/cuatro-anos-en-que-los-herederos-del-franquismo-ilegalmente-no-sueltan-el-poder-judicial\/","title":{"rendered":"\u00a1\u00a1\u00a1\u00a1\u00a1CUATRO A\u00d1OS EN QUE LOS HEREDEROS DEL FRANQUISMO, ILEGALMENTE, NO SUELTAN EL PODER JUDICIAL !!!"},"content":{"rendered":"<p><b>Cuatro a\u00f1os, desde 2018, los herederos del franquismo, se han opuesto a renovar\u00a0el Tercer Poder, el Judicial.\u00bfPor qu\u00e9 ?.Por que ellos saben muy bien que es el \u00faltimo reducto de la \u00e9poca de la dictadura que pueden usar en favor de su corrupci\u00f3n interna con impunidad y manejar a su antojo, como lo hicieron judicializando\u00a0un problema pol\u00edtico como el catal\u00e1n , es no tocar el poder judicial heredado.<\/b><\/p>\n<p><b>Hemos mantenido que la Transici\u00f3n permiti\u00f3 sembrar las ra\u00edces\u00a0del franquismo para que todo &#8220;cambiase sin que nada pasase&#8221;. Y una de ellas, como fu\u00e9 el dejarle a Marruecos el Sahara Occidental, otra que los poderes f\u00e1cticos\u00a0se mantuvieran como en la dictadura, pero es que tienen secuestrado a uno de los tres poderes del Estado: El Judicial.<\/b><\/p>\n<p><b>Ayer, la confirmaci\u00f3n de la nueva directiva de que Casado ya hab\u00eda firmado el acuerdo con el Gobierno para renovar los \u00f3rganos\u00a0de los jueces, sobre todo el Supremo, nos muestra la doble cara de la derecha espa\u00f1ola.<\/b><\/p>\n<p><b>Pero, es que ahora, que se amenaz\u00f3 con hacer p\u00fablico\u00a0el documento del acuerdo entre Bola\u00f1os y Garc\u00eda Egea para renovarlo, pues Feij\u00f3o, de nuevo, por temor a un poder Judicial Independiente no les sea tan fiel como hace\u00a080 a\u00f1os, reconoce lo que pact\u00f3 Casado y llama&#8221;marruller\u00edas pol\u00edticas&#8221; a que el\u00a0Gobierno\u00a0presione ante la opini\u00f3n p\u00f9blica y quiere empezar de cero..<\/b><\/p>\n<p><strong>El gobierno ya ha dado un plazo en septiembre, para que de una vez por todas, tras m\u00e1s de tres a\u00f1os, ilegalmente, se pueda renovar el Poder Judicial.<\/strong><\/p>\n<p>&nbsp;<\/p>\n<p>&nbsp;<\/p>\n<!-- AddThis Advanced Settings generic via filter on the_content --><!-- AddThis Share Buttons generic via filter on the_content -->","protected":false},"excerpt":{"rendered":"<p>Cuatro a\u00f1os, desde 2018, los herederos del franquismo, se han opuesto a renovar\u00a0el Tercer Poder, el Judicial.\u00bfPor qu\u00e9 ?.Por que ellos saben muy bien que es el \u00faltimo reducto de la \u00e9poca de la dictadura que pueden usar en favor de su corrupci\u00f3n interna con impunidad y manejar a su antojo, como lo hicieron judicializando\u00a0un [&hellip;]<!-- AddThis Advanced Settings generic via filter on get_the_excerpt --><!-- AddThis Share Buttons generic via filter on get_the_excerpt --><\/p>\n","protected":false},"author":16,"featured_media":0,"comment_status":"open","ping_status":"closed","sticky":false,"template":"","format":"standard","meta":[],"categories":[1],"tags":[],"_links":{"self":[{"href":"https:\/\/blogs.elcomercio.es\/reflexiones-de-belarmino\/wp-json\/wp\/v2\/posts\/24537"}],"collection":[{"href":"https:\/\/blogs.elcomercio.es\/reflexiones-de-belarmino\/wp-json\/wp\/v2\/posts"}],"about":[{"href":"https:\/\/blogs.elcomercio.es\/reflexiones-de-belarmino\/wp-json\/wp\/v2\/types\/post"}],"author":[{"embeddable":true,"href":"https:\/\/blogs.elcomercio.es\/reflexiones-de-belarmino\/wp-json\/wp\/v2\/users\/16"}],"replies":[{"embeddable":true,"href":"https:\/\/blogs.elcomercio.es\/reflexiones-de-belarmino\/wp-json\/wp\/v2\/comments?post=24537"}],"version-history":[{"count":1,"href":"https:\/\/blogs.elcomercio.es\/reflexiones-de-belarmino\/wp-json\/wp\/v2\/posts\/24537\/revisions"}],"predecessor-version":[{"id":24538,"href":"https:\/\/blogs.elcomercio.es\/reflexiones-de-belarmino\/wp-json\/wp\/v2\/posts\/24537\/revisions\/24538"}],"wp:attachment":[{"href":"https:\/\/blogs.elcomercio.es\/reflexiones-de-belarmino\/wp-json\/wp\/v2\/media?parent=24537"}],"wp:term":[{"taxonomy":"category","embeddable":true,"href":"https:\/\/blogs.elcomercio.es\/reflexiones-de-belarmino\/wp-json\/wp\/v2\/categories?post=24537"},{"taxonomy":"post_tag","embeddable":true,"href":"https:\/\/blogs.elcomercio.es\/reflexiones-de-belarmino\/wp-json\/wp\/v2\/tags?post=24537"}],"curies":[{"name":"wp","href":"https:\/\/api.w.org\/{rel}","templated":true}]}}