{"id":24569,"date":"2022-08-18T11:09:30","date_gmt":"2022-08-18T09:09:30","guid":{"rendered":"https:\/\/blogs.elcomercio.es\/reflexiones-de-belarmino\/?p=24569"},"modified":"2022-08-18T11:09:30","modified_gmt":"2022-08-18T09:09:30","slug":"gas-y-electricidad-en-maximos-ahoga-a-europa-a-cara-al-invierno","status":"publish","type":"post","link":"https:\/\/blogs.elcomercio.es\/reflexiones-de-belarmino\/2022\/08\/18\/gas-y-electricidad-en-maximos-ahoga-a-europa-a-cara-al-invierno\/","title":{"rendered":"\u00a1\u00a1\u00a1\u00a1GAS Y ELECTRICIDAD EN M\u00c1XIMOS AHOGA A EUROPA A CARA AL INVIERNO !!!"},"content":{"rendered":"<p><b>En julio de este a\u00f1o el gas promedio en Europa era de 80.5 MWh, ayer lleg\u00f3 a a 240 MWh y sin visos de bajar. La electricidad est\u00e1\u00a0por encima\u00a0de los 500 MWh, lo que demuestra que los m\u00e1s perjudicados en el enfrentamiento\u00a0entre Rusia\u00a0y Ucrania, impulsado por EE:UU, hemos sido los europeos.<\/b><\/p>\n<p><b>Las bolsa han ca\u00eddo\u00a0todas.<\/b><\/p>\n<!-- AddThis Advanced Settings generic via filter on the_content --><!-- AddThis Share Buttons generic via filter on the_content -->","protected":false},"excerpt":{"rendered":"<p>En julio de este a\u00f1o el gas promedio en Europa era de 80.5 MWh, ayer lleg\u00f3 a a 240 MWh y sin visos de bajar. La electricidad est\u00e1\u00a0por encima\u00a0de los 500 MWh, lo que demuestra que los m\u00e1s perjudicados en el enfrentamiento\u00a0entre Rusia\u00a0y Ucrania, impulsado por EE:UU, hemos sido los europeos. Las bolsa han ca\u00eddo\u00a0todas.<!-- AddThis Advanced Settings generic via filter on get_the_excerpt --><!-- AddThis Share Buttons generic via filter on get_the_excerpt --><\/p>\n","protected":false},"author":16,"featured_media":0,"comment_status":"open","ping_status":"closed","sticky":false,"template":"","format":"standard","meta":[],"categories":[1],"tags":[],"_links":{"self":[{"href":"https:\/\/blogs.elcomercio.es\/reflexiones-de-belarmino\/wp-json\/wp\/v2\/posts\/24569"}],"collection":[{"href":"https:\/\/blogs.elcomercio.es\/reflexiones-de-belarmino\/wp-json\/wp\/v2\/posts"}],"about":[{"href":"https:\/\/blogs.elcomercio.es\/reflexiones-de-belarmino\/wp-json\/wp\/v2\/types\/post"}],"author":[{"embeddable":true,"href":"https:\/\/blogs.elcomercio.es\/reflexiones-de-belarmino\/wp-json\/wp\/v2\/users\/16"}],"replies":[{"embeddable":true,"href":"https:\/\/blogs.elcomercio.es\/reflexiones-de-belarmino\/wp-json\/wp\/v2\/comments?post=24569"}],"version-history":[{"count":1,"href":"https:\/\/blogs.elcomercio.es\/reflexiones-de-belarmino\/wp-json\/wp\/v2\/posts\/24569\/revisions"}],"predecessor-version":[{"id":24570,"href":"https:\/\/blogs.elcomercio.es\/reflexiones-de-belarmino\/wp-json\/wp\/v2\/posts\/24569\/revisions\/24570"}],"wp:attachment":[{"href":"https:\/\/blogs.elcomercio.es\/reflexiones-de-belarmino\/wp-json\/wp\/v2\/media?parent=24569"}],"wp:term":[{"taxonomy":"category","embeddable":true,"href":"https:\/\/blogs.elcomercio.es\/reflexiones-de-belarmino\/wp-json\/wp\/v2\/categories?post=24569"},{"taxonomy":"post_tag","embeddable":true,"href":"https:\/\/blogs.elcomercio.es\/reflexiones-de-belarmino\/wp-json\/wp\/v2\/tags?post=24569"}],"curies":[{"name":"wp","href":"https:\/\/api.w.org\/{rel}","templated":true}]}}