{"id":24571,"date":"2022-08-18T11:16:05","date_gmt":"2022-08-18T09:16:05","guid":{"rendered":"https:\/\/blogs.elcomercio.es\/reflexiones-de-belarmino\/?p=24571"},"modified":"2022-08-18T11:16:05","modified_gmt":"2022-08-18T09:16:05","slug":"doble-tropiezo-de-espana-argelia-sigue-sin-darnos-gas-y-francia-enfria-el-proyecto-de-alemania-y-francia-del-gasoducto-por-los-pirineos","status":"publish","type":"post","link":"https:\/\/blogs.elcomercio.es\/reflexiones-de-belarmino\/2022\/08\/18\/doble-tropiezo-de-espana-argelia-sigue-sin-darnos-gas-y-francia-enfria-el-proyecto-de-alemania-y-francia-del-gasoducto-por-los-pirineos\/","title":{"rendered":"\u00a1\u00a1\u00a1DOBLE TROPIEZO DE ESPA\u00d1A: ARGELIA SIGUE SIN DARNOS GAS Y FRANCIA ENFR\u00cdA EL PROYECTO DE ALEMANIA Y FRANCIA DEL GASODUCTO POR LOS PIRINEOS !!!"},"content":{"rendered":"<p><strong>Espa\u00f1a sigue sin resolver su relaci\u00f3n con Argelia. El gas de Argelia lleva meses sin llegar y nuestro pa\u00eds depende de EE:UU y en un 15 % de Rusia..<\/strong><\/p>\n<p><b>El proyecto estrella de recibir petroleo de EE:UU, refinarlo en Espa\u00f1a y enviarlo por un gasoducto a trav\u00e9s de los Pirineos para , de ah\u00ed, distribuirlo\u00a0por Europa, apoyada por Alemania, ayer lo fren\u00f3\u00a0en seco Francia porque\u00a0tardar\u00eda mucho y segundo perjudica\u00a0notablemente al medio ambiente,.<\/b><\/p>\n<!-- AddThis Advanced Settings generic via filter on the_content --><!-- AddThis Share Buttons generic via filter on the_content -->","protected":false},"excerpt":{"rendered":"<p>Espa\u00f1a sigue sin resolver su relaci\u00f3n con Argelia. El gas de Argelia lleva meses sin llegar y nuestro pa\u00eds depende de EE:UU y en un 15 % de Rusia.. El proyecto estrella de recibir petroleo de EE:UU, refinarlo en Espa\u00f1a y enviarlo por un gasoducto a trav\u00e9s de los Pirineos para , de ah\u00ed, distribuirlo\u00a0por [&hellip;]<!-- AddThis Advanced Settings generic via filter on get_the_excerpt --><!-- AddThis Share Buttons generic via filter on get_the_excerpt --><\/p>\n","protected":false},"author":16,"featured_media":0,"comment_status":"open","ping_status":"closed","sticky":false,"template":"","format":"standard","meta":[],"categories":[1],"tags":[],"_links":{"self":[{"href":"https:\/\/blogs.elcomercio.es\/reflexiones-de-belarmino\/wp-json\/wp\/v2\/posts\/24571"}],"collection":[{"href":"https:\/\/blogs.elcomercio.es\/reflexiones-de-belarmino\/wp-json\/wp\/v2\/posts"}],"about":[{"href":"https:\/\/blogs.elcomercio.es\/reflexiones-de-belarmino\/wp-json\/wp\/v2\/types\/post"}],"author":[{"embeddable":true,"href":"https:\/\/blogs.elcomercio.es\/reflexiones-de-belarmino\/wp-json\/wp\/v2\/users\/16"}],"replies":[{"embeddable":true,"href":"https:\/\/blogs.elcomercio.es\/reflexiones-de-belarmino\/wp-json\/wp\/v2\/comments?post=24571"}],"version-history":[{"count":2,"href":"https:\/\/blogs.elcomercio.es\/reflexiones-de-belarmino\/wp-json\/wp\/v2\/posts\/24571\/revisions"}],"predecessor-version":[{"id":24573,"href":"https:\/\/blogs.elcomercio.es\/reflexiones-de-belarmino\/wp-json\/wp\/v2\/posts\/24571\/revisions\/24573"}],"wp:attachment":[{"href":"https:\/\/blogs.elcomercio.es\/reflexiones-de-belarmino\/wp-json\/wp\/v2\/media?parent=24571"}],"wp:term":[{"taxonomy":"category","embeddable":true,"href":"https:\/\/blogs.elcomercio.es\/reflexiones-de-belarmino\/wp-json\/wp\/v2\/categories?post=24571"},{"taxonomy":"post_tag","embeddable":true,"href":"https:\/\/blogs.elcomercio.es\/reflexiones-de-belarmino\/wp-json\/wp\/v2\/tags?post=24571"}],"curies":[{"name":"wp","href":"https:\/\/api.w.org\/{rel}","templated":true}]}}