{"id":24574,"date":"2022-08-18T11:23:11","date_gmt":"2022-08-18T09:23:11","guid":{"rendered":"https:\/\/blogs.elcomercio.es\/reflexiones-de-belarmino\/?p=24574"},"modified":"2022-08-18T11:23:11","modified_gmt":"2022-08-18T09:23:11","slug":"rusia-inicia-nuevas-maniobras-militares-una-de-ellas-en-vostok-con-china-e-india","status":"publish","type":"post","link":"https:\/\/blogs.elcomercio.es\/reflexiones-de-belarmino\/2022\/08\/18\/rusia-inicia-nuevas-maniobras-militares-una-de-ellas-en-vostok-con-china-e-india\/","title":{"rendered":"\u00a1\u00a1\u00a1RUSIA INICIA NUEVAS MANIOBRAS MILITARES, UNA DE ELLAS EN VOSTOK, CON CHINA E INDIA !!!"},"content":{"rendered":"<p><b>Ayer Rusia movi\u00f3 ficha y fuerte. Destituy\u00f3 al Comandante de Crimea que permiti\u00f3 los dos atentados ucranianos, inici\u00f3 las maniobras de su Armada en el Mar de Barents, en el oc\u00e9ano\u00a0Glacial \u00c1rtico, con buques y submarinos.<\/b><\/p>\n<p><b>Sin embargo, lo m\u00e1s importante son las maniobras militares\u00a0en Vostok, este de Rusia, donde participar\u00e1n con China, India, Bielorrusia, MOngolia y Tayikist\u00e1n\u00a0entre otras. a partir del 30 de agosto y hasta el 5 de septiembre.<\/b><\/p>\n<!-- AddThis Advanced Settings generic via filter on the_content --><!-- AddThis Share Buttons generic via filter on the_content -->","protected":false},"excerpt":{"rendered":"<p>Ayer Rusia movi\u00f3 ficha y fuerte. Destituy\u00f3 al Comandante de Crimea que permiti\u00f3 los dos atentados ucranianos, inici\u00f3 las maniobras de su Armada en el Mar de Barents, en el oc\u00e9ano\u00a0Glacial \u00c1rtico, con buques y submarinos. Sin embargo, lo m\u00e1s importante son las maniobras militares\u00a0en Vostok, este de Rusia, donde participar\u00e1n con China, India, Bielorrusia, [&hellip;]<!-- AddThis Advanced Settings generic via filter on get_the_excerpt --><!-- AddThis Share Buttons generic via filter on get_the_excerpt --><\/p>\n","protected":false},"author":16,"featured_media":0,"comment_status":"open","ping_status":"closed","sticky":false,"template":"","format":"standard","meta":[],"categories":[1],"tags":[],"_links":{"self":[{"href":"https:\/\/blogs.elcomercio.es\/reflexiones-de-belarmino\/wp-json\/wp\/v2\/posts\/24574"}],"collection":[{"href":"https:\/\/blogs.elcomercio.es\/reflexiones-de-belarmino\/wp-json\/wp\/v2\/posts"}],"about":[{"href":"https:\/\/blogs.elcomercio.es\/reflexiones-de-belarmino\/wp-json\/wp\/v2\/types\/post"}],"author":[{"embeddable":true,"href":"https:\/\/blogs.elcomercio.es\/reflexiones-de-belarmino\/wp-json\/wp\/v2\/users\/16"}],"replies":[{"embeddable":true,"href":"https:\/\/blogs.elcomercio.es\/reflexiones-de-belarmino\/wp-json\/wp\/v2\/comments?post=24574"}],"version-history":[{"count":1,"href":"https:\/\/blogs.elcomercio.es\/reflexiones-de-belarmino\/wp-json\/wp\/v2\/posts\/24574\/revisions"}],"predecessor-version":[{"id":24575,"href":"https:\/\/blogs.elcomercio.es\/reflexiones-de-belarmino\/wp-json\/wp\/v2\/posts\/24574\/revisions\/24575"}],"wp:attachment":[{"href":"https:\/\/blogs.elcomercio.es\/reflexiones-de-belarmino\/wp-json\/wp\/v2\/media?parent=24574"}],"wp:term":[{"taxonomy":"category","embeddable":true,"href":"https:\/\/blogs.elcomercio.es\/reflexiones-de-belarmino\/wp-json\/wp\/v2\/categories?post=24574"},{"taxonomy":"post_tag","embeddable":true,"href":"https:\/\/blogs.elcomercio.es\/reflexiones-de-belarmino\/wp-json\/wp\/v2\/tags?post=24574"}],"curies":[{"name":"wp","href":"https:\/\/api.w.org\/{rel}","templated":true}]}}