{"id":24616,"date":"2022-08-20T10:47:08","date_gmt":"2022-08-20T08:47:08","guid":{"rendered":"https:\/\/blogs.elcomercio.es\/reflexiones-de-belarmino\/?p=24616"},"modified":"2022-08-20T10:47:08","modified_gmt":"2022-08-20T08:47:08","slug":"los-43-de-ayotzinapa-crimen-de-estado-de-pena-nieto-20-militares-detenidos","status":"publish","type":"post","link":"https:\/\/blogs.elcomercio.es\/reflexiones-de-belarmino\/2022\/08\/20\/los-43-de-ayotzinapa-crimen-de-estado-de-pena-nieto-20-militares-detenidos\/","title":{"rendered":"\u00a1\u00a1\u00a1\u00a1&#8221;LOS 43 DE AYOTZINAPA&#8221; CRIMEN DE ESTADO DE PE\u00d1A NIETO.- 20 MILITARES DETENIDOS !!!"},"content":{"rendered":"<p><b>&#8221; Vivos se los llevaron, vivos los queremos&#8221;, fue\u00a0la frase de aquellos\u00a0padres y madres desde hace 9 a\u00f1os, salieron\u00a0a la calle por la desaparici\u00f3n de sus\u00a043 hijos de la normal de Ayotzinapa, en el estado de Guerrero, que marc\u00f3\u00a0la lucha por la justicia en el\u00a0pa\u00eds.<\/b><\/p>\n<p><b>El presidente les dijo que ir\u00eda hasta el final. Se buscaron fosas, pantanos, militares, presidentes municipales y Alejandro Encinas ,como subsecretario\u00a0de gobernaci\u00f3n, trabaj\u00f3, trabaj\u00f3 y trabaj\u00f3, informando\u00a0 peri\u00f3dicamente\u00a0a los padres y a la opini\u00f3n p\u00fablica.<\/b><\/p>\n<p><b>Ayer en Palacio Nacional se di\u00f2 el informe definitivo: FUE UN CRIMEN DE ESTADO DIRIGIDO POR EL EXPRESIDENTE PE\u00d1A NIETO.- No hay ning\u00fan indicio de que ninguno est\u00e9\u00a0vivo. El principal operador sigue huido en Israel sin ninguna respuesta de extradici\u00f3n de parte del gobierno de aquel\u00a0pais.<\/b><\/p>\n<p><b>Ayer fueron detenidos m\u00e1s de 100 personas involucradas, sobresaliendo los 20 militares,normalmente intocables, pero que el Ej\u00e9rcito\u00a0Mexicano en esta Cuarta Transformaci\u00f3n no dud\u00f3 en expulsarlos y consignarlos, para depurar alguna duda del papel que juega la Instituci\u00f3n.<\/b><\/p>\n<p><strong>Con la tristeza para los padres pero con la tranquilidad de que hubo justicia se cerr\u00f3 ayer este cap\u00edtulo.<\/strong><\/p>\n<p>&nbsp;<\/p>\n<!-- AddThis Advanced Settings generic via filter on the_content --><!-- AddThis Share Buttons generic via filter on the_content -->","protected":false},"excerpt":{"rendered":"<p>&#8221; Vivos se los llevaron, vivos los queremos&#8221;, fue\u00a0la frase de aquellos\u00a0padres y madres desde hace 9 a\u00f1os, salieron\u00a0a la calle por la desaparici\u00f3n de sus\u00a043 hijos de la normal de Ayotzinapa, en el estado de Guerrero, que marc\u00f3\u00a0la lucha por la justicia en el\u00a0pa\u00eds. El presidente les dijo que ir\u00eda hasta el final. Se [&hellip;]<!-- AddThis Advanced Settings generic via filter on get_the_excerpt --><!-- AddThis Share Buttons generic via filter on get_the_excerpt --><\/p>\n","protected":false},"author":16,"featured_media":0,"comment_status":"open","ping_status":"closed","sticky":false,"template":"","format":"standard","meta":[],"categories":[1],"tags":[],"_links":{"self":[{"href":"https:\/\/blogs.elcomercio.es\/reflexiones-de-belarmino\/wp-json\/wp\/v2\/posts\/24616"}],"collection":[{"href":"https:\/\/blogs.elcomercio.es\/reflexiones-de-belarmino\/wp-json\/wp\/v2\/posts"}],"about":[{"href":"https:\/\/blogs.elcomercio.es\/reflexiones-de-belarmino\/wp-json\/wp\/v2\/types\/post"}],"author":[{"embeddable":true,"href":"https:\/\/blogs.elcomercio.es\/reflexiones-de-belarmino\/wp-json\/wp\/v2\/users\/16"}],"replies":[{"embeddable":true,"href":"https:\/\/blogs.elcomercio.es\/reflexiones-de-belarmino\/wp-json\/wp\/v2\/comments?post=24616"}],"version-history":[{"count":1,"href":"https:\/\/blogs.elcomercio.es\/reflexiones-de-belarmino\/wp-json\/wp\/v2\/posts\/24616\/revisions"}],"predecessor-version":[{"id":24617,"href":"https:\/\/blogs.elcomercio.es\/reflexiones-de-belarmino\/wp-json\/wp\/v2\/posts\/24616\/revisions\/24617"}],"wp:attachment":[{"href":"https:\/\/blogs.elcomercio.es\/reflexiones-de-belarmino\/wp-json\/wp\/v2\/media?parent=24616"}],"wp:term":[{"taxonomy":"category","embeddable":true,"href":"https:\/\/blogs.elcomercio.es\/reflexiones-de-belarmino\/wp-json\/wp\/v2\/categories?post=24616"},{"taxonomy":"post_tag","embeddable":true,"href":"https:\/\/blogs.elcomercio.es\/reflexiones-de-belarmino\/wp-json\/wp\/v2\/tags?post=24616"}],"curies":[{"name":"wp","href":"https:\/\/api.w.org\/{rel}","templated":true}]}}