{"id":24646,"date":"2022-08-22T10:16:59","date_gmt":"2022-08-22T08:16:59","guid":{"rendered":"https:\/\/blogs.elcomercio.es\/reflexiones-de-belarmino\/?p=24646"},"modified":"2022-08-22T10:17:29","modified_gmt":"2022-08-22T08:17:29","slug":"el-molinon-y-el-palco-estallaban-mientras-el-calladoobservaba-mientras-limpiaba-sus-lentes-el-gijon-hay-lider","status":"publish","type":"post","link":"https:\/\/blogs.elcomercio.es\/reflexiones-de-belarmino\/2022\/08\/22\/el-molinon-y-el-palco-estallaban-mientras-el-calladoobservaba-mientras-limpiaba-sus-lentes-el-gijon-hay-lider\/","title":{"rendered":"\u00a1\u00a1\u00a1\u00a1EL MOLIN\u00d3N Y EL PALCO ESTALLABAN, MIENTRAS \u00c9L,  CALLADO,OBSERVABA MIENTRAS LIMPIABA SUS LENTES. EL GIJ\u00d3N HAY L\u00cdDER !!!"},"content":{"rendered":"<p><b>Una foto sintetizaba todo. El Molin\u00f3n estallaba con sus 20,000 primeros asistentes ante el gol; en el palco, otro tanto,con un Quirino\u00a0Ordaz ,embajador de M\u00e9xico en Espa\u00f1a, Laura y su hijo, los empresarios invitados de aquel pa\u00eds y la Alcaldesa gozando\u00a0lo que va a significar\u00a0su reelecci\u00f2n, mientras en el extremo derecho, un hombre de 51 a\u00f1os, sereno,sin el informe del Sporting, observaba sin hacer gesto alguno mirando el estadio, mientras limpiaba\u00a0sus lentes de sol,con esa mirada seria de quien sabe lo que hace.<\/b><\/p>\n<p><b>Hab\u00eda tardado dos meses, so\u00f1\u00f3 en grande, trabaj\u00f3 duramente y tuvo\u00a0 paciencia\u00a0oriental. All\u00ed estaba el primer paso consolidado.<\/b><\/p>\n<p><b>Al salir del estadio tard\u00f3 mas de una hora en poder abandonar la zona.Saludaba a todos, se hac\u00eda\u00a0selfies, saludaba y se nutr\u00eda\u00a0con el cari\u00f1o de un p\u00fablico, que lo alimentaba.<\/b><\/p>\n<p><strong>En Gij\u00f3n, hab\u00eda nacido un lider, no pol\u00edtico: Alejandro Irarragorri<\/strong><\/p>\n<!-- AddThis Advanced Settings generic via filter on the_content --><!-- AddThis Share Buttons generic via filter on the_content -->","protected":false},"excerpt":{"rendered":"<p>Una foto sintetizaba todo. El Molin\u00f3n estallaba con sus 20,000 primeros asistentes ante el gol; en el palco, otro tanto,con un Quirino\u00a0Ordaz ,embajador de M\u00e9xico en Espa\u00f1a, Laura y su hijo, los empresarios invitados de aquel pa\u00eds y la Alcaldesa gozando\u00a0lo que va a significar\u00a0su reelecci\u00f2n, mientras en el extremo derecho, un hombre de 51 [&hellip;]<!-- AddThis Advanced Settings generic via filter on get_the_excerpt --><!-- AddThis Share Buttons generic via filter on get_the_excerpt --><\/p>\n","protected":false},"author":16,"featured_media":0,"comment_status":"open","ping_status":"closed","sticky":false,"template":"","format":"standard","meta":[],"categories":[1],"tags":[],"_links":{"self":[{"href":"https:\/\/blogs.elcomercio.es\/reflexiones-de-belarmino\/wp-json\/wp\/v2\/posts\/24646"}],"collection":[{"href":"https:\/\/blogs.elcomercio.es\/reflexiones-de-belarmino\/wp-json\/wp\/v2\/posts"}],"about":[{"href":"https:\/\/blogs.elcomercio.es\/reflexiones-de-belarmino\/wp-json\/wp\/v2\/types\/post"}],"author":[{"embeddable":true,"href":"https:\/\/blogs.elcomercio.es\/reflexiones-de-belarmino\/wp-json\/wp\/v2\/users\/16"}],"replies":[{"embeddable":true,"href":"https:\/\/blogs.elcomercio.es\/reflexiones-de-belarmino\/wp-json\/wp\/v2\/comments?post=24646"}],"version-history":[{"count":2,"href":"https:\/\/blogs.elcomercio.es\/reflexiones-de-belarmino\/wp-json\/wp\/v2\/posts\/24646\/revisions"}],"predecessor-version":[{"id":24648,"href":"https:\/\/blogs.elcomercio.es\/reflexiones-de-belarmino\/wp-json\/wp\/v2\/posts\/24646\/revisions\/24648"}],"wp:attachment":[{"href":"https:\/\/blogs.elcomercio.es\/reflexiones-de-belarmino\/wp-json\/wp\/v2\/media?parent=24646"}],"wp:term":[{"taxonomy":"category","embeddable":true,"href":"https:\/\/blogs.elcomercio.es\/reflexiones-de-belarmino\/wp-json\/wp\/v2\/categories?post=24646"},{"taxonomy":"post_tag","embeddable":true,"href":"https:\/\/blogs.elcomercio.es\/reflexiones-de-belarmino\/wp-json\/wp\/v2\/tags?post=24646"}],"curies":[{"name":"wp","href":"https:\/\/api.w.org\/{rel}","templated":true}]}}