{"id":24649,"date":"2022-08-22T10:32:15","date_gmt":"2022-08-22T08:32:15","guid":{"rendered":"https:\/\/blogs.elcomercio.es\/reflexiones-de-belarmino\/?p=24649"},"modified":"2022-08-22T10:32:15","modified_gmt":"2022-08-22T08:32:15","slug":"la-sequia-desploma-la-generacion-electrica-hasta-lo-mas-bajo-en-tres-decadas","status":"publish","type":"post","link":"https:\/\/blogs.elcomercio.es\/reflexiones-de-belarmino\/2022\/08\/22\/la-sequia-desploma-la-generacion-electrica-hasta-lo-mas-bajo-en-tres-decadas\/","title":{"rendered":"\u00a1\u00a1\u00a1\u00a1LA SEQU\u00cdA DESPLOMA LA GENERACI\u00d3N EL\u00c9CTRICA HASTA LO MAS BAJO EN TRES D\u00c9CADAS !!!"},"content":{"rendered":"<p><b>Cuarenta y cinco grandes incendios han quemado 250,000 hect\u00e1reas\u00a0en Espa\u00f1a, llevando al pais a un desplome en la generaci\u00f3n\u00a0el\u00e9ctrica\u00a0hasta los niveles de hace 30 a\u00f1os.<\/b><\/p>\n<!-- AddThis Advanced Settings generic via filter on the_content --><!-- AddThis Share Buttons generic via filter on the_content -->","protected":false},"excerpt":{"rendered":"<p>Cuarenta y cinco grandes incendios han quemado 250,000 hect\u00e1reas\u00a0en Espa\u00f1a, llevando al pais a un desplome en la generaci\u00f3n\u00a0el\u00e9ctrica\u00a0hasta los niveles de hace 30 a\u00f1os.<!-- AddThis Advanced Settings generic via filter on get_the_excerpt --><!-- AddThis Share Buttons generic via filter on get_the_excerpt --><\/p>\n","protected":false},"author":16,"featured_media":0,"comment_status":"open","ping_status":"closed","sticky":false,"template":"","format":"standard","meta":[],"categories":[1],"tags":[],"_links":{"self":[{"href":"https:\/\/blogs.elcomercio.es\/reflexiones-de-belarmino\/wp-json\/wp\/v2\/posts\/24649"}],"collection":[{"href":"https:\/\/blogs.elcomercio.es\/reflexiones-de-belarmino\/wp-json\/wp\/v2\/posts"}],"about":[{"href":"https:\/\/blogs.elcomercio.es\/reflexiones-de-belarmino\/wp-json\/wp\/v2\/types\/post"}],"author":[{"embeddable":true,"href":"https:\/\/blogs.elcomercio.es\/reflexiones-de-belarmino\/wp-json\/wp\/v2\/users\/16"}],"replies":[{"embeddable":true,"href":"https:\/\/blogs.elcomercio.es\/reflexiones-de-belarmino\/wp-json\/wp\/v2\/comments?post=24649"}],"version-history":[{"count":1,"href":"https:\/\/blogs.elcomercio.es\/reflexiones-de-belarmino\/wp-json\/wp\/v2\/posts\/24649\/revisions"}],"predecessor-version":[{"id":24650,"href":"https:\/\/blogs.elcomercio.es\/reflexiones-de-belarmino\/wp-json\/wp\/v2\/posts\/24649\/revisions\/24650"}],"wp:attachment":[{"href":"https:\/\/blogs.elcomercio.es\/reflexiones-de-belarmino\/wp-json\/wp\/v2\/media?parent=24649"}],"wp:term":[{"taxonomy":"category","embeddable":true,"href":"https:\/\/blogs.elcomercio.es\/reflexiones-de-belarmino\/wp-json\/wp\/v2\/categories?post=24649"},{"taxonomy":"post_tag","embeddable":true,"href":"https:\/\/blogs.elcomercio.es\/reflexiones-de-belarmino\/wp-json\/wp\/v2\/tags?post=24649"}],"curies":[{"name":"wp","href":"https:\/\/api.w.org\/{rel}","templated":true}]}}