{"id":24651,"date":"2022-08-22T10:38:14","date_gmt":"2022-08-22T08:38:14","guid":{"rendered":"https:\/\/blogs.elcomercio.es\/reflexiones-de-belarmino\/?p=24651"},"modified":"2022-08-22T10:38:14","modified_gmt":"2022-08-22T08:38:14","slug":"el-ejercito-espanol-pide-aviones-f-35-de-estados-unidos-ante-el-retraso-del-nuevo-eurocaza","status":"publish","type":"post","link":"https:\/\/blogs.elcomercio.es\/reflexiones-de-belarmino\/2022\/08\/22\/el-ejercito-espanol-pide-aviones-f-35-de-estados-unidos-ante-el-retraso-del-nuevo-eurocaza\/","title":{"rendered":"\u00a1\u00a1\u00a1\u00a1\u00a1EL EJ\u00c9RCITO ESPA\u00d1OL PIDE AVIONES F-35 DE ESTADOS UNIDOS ANTE EL RETRASO DEL NUEVO EUROCAZA!!!"},"content":{"rendered":"<p><b>Ayer, el ej\u00e9rcito\u00a0espa\u00f1ol solicit\u00f3 la compra de 80 aviones F-35 a los Estados Unidos, ante el retraso del eurocaza.Operaci\u00f3n de 10,000 millones de euros.<\/b><\/p>\n<!-- AddThis Advanced Settings generic via filter on the_content --><!-- AddThis Share Buttons generic via filter on the_content -->","protected":false},"excerpt":{"rendered":"<p>Ayer, el ej\u00e9rcito\u00a0espa\u00f1ol solicit\u00f3 la compra de 80 aviones F-35 a los Estados Unidos, ante el retraso del eurocaza.Operaci\u00f3n de 10,000 millones de euros.<!-- AddThis Advanced Settings generic via filter on get_the_excerpt --><!-- AddThis Share Buttons generic via filter on get_the_excerpt --><\/p>\n","protected":false},"author":16,"featured_media":0,"comment_status":"open","ping_status":"closed","sticky":false,"template":"","format":"standard","meta":[],"categories":[1],"tags":[],"_links":{"self":[{"href":"https:\/\/blogs.elcomercio.es\/reflexiones-de-belarmino\/wp-json\/wp\/v2\/posts\/24651"}],"collection":[{"href":"https:\/\/blogs.elcomercio.es\/reflexiones-de-belarmino\/wp-json\/wp\/v2\/posts"}],"about":[{"href":"https:\/\/blogs.elcomercio.es\/reflexiones-de-belarmino\/wp-json\/wp\/v2\/types\/post"}],"author":[{"embeddable":true,"href":"https:\/\/blogs.elcomercio.es\/reflexiones-de-belarmino\/wp-json\/wp\/v2\/users\/16"}],"replies":[{"embeddable":true,"href":"https:\/\/blogs.elcomercio.es\/reflexiones-de-belarmino\/wp-json\/wp\/v2\/comments?post=24651"}],"version-history":[{"count":1,"href":"https:\/\/blogs.elcomercio.es\/reflexiones-de-belarmino\/wp-json\/wp\/v2\/posts\/24651\/revisions"}],"predecessor-version":[{"id":24652,"href":"https:\/\/blogs.elcomercio.es\/reflexiones-de-belarmino\/wp-json\/wp\/v2\/posts\/24651\/revisions\/24652"}],"wp:attachment":[{"href":"https:\/\/blogs.elcomercio.es\/reflexiones-de-belarmino\/wp-json\/wp\/v2\/media?parent=24651"}],"wp:term":[{"taxonomy":"category","embeddable":true,"href":"https:\/\/blogs.elcomercio.es\/reflexiones-de-belarmino\/wp-json\/wp\/v2\/categories?post=24651"},{"taxonomy":"post_tag","embeddable":true,"href":"https:\/\/blogs.elcomercio.es\/reflexiones-de-belarmino\/wp-json\/wp\/v2\/tags?post=24651"}],"curies":[{"name":"wp","href":"https:\/\/api.w.org\/{rel}","templated":true}]}}