{"id":24680,"date":"2022-08-23T11:51:07","date_gmt":"2022-08-23T09:51:07","guid":{"rendered":"https:\/\/blogs.elcomercio.es\/reflexiones-de-belarmino\/?p=24680"},"modified":"2022-08-23T11:51:07","modified_gmt":"2022-08-23T09:51:07","slug":"tras-el-calor-se-esperan-torrenciales-lluvias-en-el-mundo-en-pakistan-777-muertos-por-ello","status":"publish","type":"post","link":"https:\/\/blogs.elcomercio.es\/reflexiones-de-belarmino\/2022\/08\/23\/tras-el-calor-se-esperan-torrenciales-lluvias-en-el-mundo-en-pakistan-777-muertos-por-ello\/","title":{"rendered":"\u00a1\u00a1\u00a1\u00a1TRAS EL CALOR SE ESPERAN TORRENCIALES  LLUVIAS EN EL MUNDO, EN PAKISTAN 777 MUERTOS POR ELLO !!!"},"content":{"rendered":"<p><b>El fen\u00f3meno\u00a0del calor en incremento, las grandes sequ\u00edas, si tomamos en cuenta lo que ha pasado en sitios tan distantes como Pakist\u00e1n\u00a0y Texas en EE:UU, ayer, anuncia lluvias torrenciales\u00a0en el oto\u00f1o en todo el mundo. Espa\u00f1a no ser\u00e1 la excepci\u00f3n.<\/b><\/p>\n<p><b>En Pakist\u00e1n\u00a0llevan en semanas 777 fallecidos por las torrenciales lluvias, y lo de ayer sorprendi\u00f3 en las carreteras\u00a0de Texas.<\/b><\/p>\n<p><b>Tienen la enorme ventaja que subir\u00e1n los niveles del agua, pero van a azotar a poblaciones de lo mas diversas. No tenemos ning\u00fan\u00a0conocimiento cient\u00edfico que lo avale, pero es simplemente seguir diariamente la informaci\u00f3n de lo que sucede\u00a0en el planeta.<\/b><\/p>\n<p>&nbsp;<\/p>\n<!-- AddThis Advanced Settings generic via filter on the_content --><!-- AddThis Share Buttons generic via filter on the_content -->","protected":false},"excerpt":{"rendered":"<p>El fen\u00f3meno\u00a0del calor en incremento, las grandes sequ\u00edas, si tomamos en cuenta lo que ha pasado en sitios tan distantes como Pakist\u00e1n\u00a0y Texas en EE:UU, ayer, anuncia lluvias torrenciales\u00a0en el oto\u00f1o en todo el mundo. Espa\u00f1a no ser\u00e1 la excepci\u00f3n. En Pakist\u00e1n\u00a0llevan en semanas 777 fallecidos por las torrenciales lluvias, y lo de ayer sorprendi\u00f3 [&hellip;]<!-- AddThis Advanced Settings generic via filter on get_the_excerpt --><!-- AddThis Share Buttons generic via filter on get_the_excerpt --><\/p>\n","protected":false},"author":16,"featured_media":0,"comment_status":"open","ping_status":"closed","sticky":false,"template":"","format":"standard","meta":[],"categories":[1],"tags":[],"_links":{"self":[{"href":"https:\/\/blogs.elcomercio.es\/reflexiones-de-belarmino\/wp-json\/wp\/v2\/posts\/24680"}],"collection":[{"href":"https:\/\/blogs.elcomercio.es\/reflexiones-de-belarmino\/wp-json\/wp\/v2\/posts"}],"about":[{"href":"https:\/\/blogs.elcomercio.es\/reflexiones-de-belarmino\/wp-json\/wp\/v2\/types\/post"}],"author":[{"embeddable":true,"href":"https:\/\/blogs.elcomercio.es\/reflexiones-de-belarmino\/wp-json\/wp\/v2\/users\/16"}],"replies":[{"embeddable":true,"href":"https:\/\/blogs.elcomercio.es\/reflexiones-de-belarmino\/wp-json\/wp\/v2\/comments?post=24680"}],"version-history":[{"count":1,"href":"https:\/\/blogs.elcomercio.es\/reflexiones-de-belarmino\/wp-json\/wp\/v2\/posts\/24680\/revisions"}],"predecessor-version":[{"id":24681,"href":"https:\/\/blogs.elcomercio.es\/reflexiones-de-belarmino\/wp-json\/wp\/v2\/posts\/24680\/revisions\/24681"}],"wp:attachment":[{"href":"https:\/\/blogs.elcomercio.es\/reflexiones-de-belarmino\/wp-json\/wp\/v2\/media?parent=24680"}],"wp:term":[{"taxonomy":"category","embeddable":true,"href":"https:\/\/blogs.elcomercio.es\/reflexiones-de-belarmino\/wp-json\/wp\/v2\/categories?post=24680"},{"taxonomy":"post_tag","embeddable":true,"href":"https:\/\/blogs.elcomercio.es\/reflexiones-de-belarmino\/wp-json\/wp\/v2\/tags?post=24680"}],"curies":[{"name":"wp","href":"https:\/\/api.w.org\/{rel}","templated":true}]}}