{"id":24682,"date":"2022-08-23T12:57:17","date_gmt":"2022-08-23T10:57:17","guid":{"rendered":"https:\/\/blogs.elcomercio.es\/reflexiones-de-belarmino\/?p=24682"},"modified":"2022-08-23T12:57:17","modified_gmt":"2022-08-23T10:57:17","slug":"el-euro-vuelve-a-caer-debajo-del-dolar-por-temor-a-recesion-de-la-ue","status":"publish","type":"post","link":"https:\/\/blogs.elcomercio.es\/reflexiones-de-belarmino\/2022\/08\/23\/el-euro-vuelve-a-caer-debajo-del-dolar-por-temor-a-recesion-de-la-ue\/","title":{"rendered":"\u00a1\u00a1\u00a1\u00a1EL EURO VUELVE A CAER DEBAJO DEL D\u00d3LAR POR TEMOR A RECESI\u00d3N DE LA UE. !!!"},"content":{"rendered":"<p><b>Alemania lo adelantaba ayer:el miedo a una recesi\u00f3n en la Uni\u00f3n Europea en el oto\u00f1o.La caida del euro debajo del d\u00f3lar\u00a0se interpreta\u00a0como el\u00a0miedo a que entre en recesi\u00f3n la UE.<\/b><\/p>\n<!-- AddThis Advanced Settings generic via filter on the_content --><!-- AddThis Share Buttons generic via filter on the_content -->","protected":false},"excerpt":{"rendered":"<p>Alemania lo adelantaba ayer:el miedo a una recesi\u00f3n en la Uni\u00f3n Europea en el oto\u00f1o.La caida del euro debajo del d\u00f3lar\u00a0se interpreta\u00a0como el\u00a0miedo a que entre en recesi\u00f3n la UE.<!-- AddThis Advanced Settings generic via filter on get_the_excerpt --><!-- AddThis Share Buttons generic via filter on get_the_excerpt --><\/p>\n","protected":false},"author":16,"featured_media":0,"comment_status":"open","ping_status":"closed","sticky":false,"template":"","format":"standard","meta":[],"categories":[1],"tags":[],"_links":{"self":[{"href":"https:\/\/blogs.elcomercio.es\/reflexiones-de-belarmino\/wp-json\/wp\/v2\/posts\/24682"}],"collection":[{"href":"https:\/\/blogs.elcomercio.es\/reflexiones-de-belarmino\/wp-json\/wp\/v2\/posts"}],"about":[{"href":"https:\/\/blogs.elcomercio.es\/reflexiones-de-belarmino\/wp-json\/wp\/v2\/types\/post"}],"author":[{"embeddable":true,"href":"https:\/\/blogs.elcomercio.es\/reflexiones-de-belarmino\/wp-json\/wp\/v2\/users\/16"}],"replies":[{"embeddable":true,"href":"https:\/\/blogs.elcomercio.es\/reflexiones-de-belarmino\/wp-json\/wp\/v2\/comments?post=24682"}],"version-history":[{"count":1,"href":"https:\/\/blogs.elcomercio.es\/reflexiones-de-belarmino\/wp-json\/wp\/v2\/posts\/24682\/revisions"}],"predecessor-version":[{"id":24683,"href":"https:\/\/blogs.elcomercio.es\/reflexiones-de-belarmino\/wp-json\/wp\/v2\/posts\/24682\/revisions\/24683"}],"wp:attachment":[{"href":"https:\/\/blogs.elcomercio.es\/reflexiones-de-belarmino\/wp-json\/wp\/v2\/media?parent=24682"}],"wp:term":[{"taxonomy":"category","embeddable":true,"href":"https:\/\/blogs.elcomercio.es\/reflexiones-de-belarmino\/wp-json\/wp\/v2\/categories?post=24682"},{"taxonomy":"post_tag","embeddable":true,"href":"https:\/\/blogs.elcomercio.es\/reflexiones-de-belarmino\/wp-json\/wp\/v2\/tags?post=24682"}],"curies":[{"name":"wp","href":"https:\/\/api.w.org\/{rel}","templated":true}]}}