{"id":24705,"date":"2022-08-24T11:16:25","date_gmt":"2022-08-24T09:16:25","guid":{"rendered":"https:\/\/blogs.elcomercio.es\/reflexiones-de-belarmino\/?p=24705"},"modified":"2022-08-24T11:16:25","modified_gmt":"2022-08-24T09:16:25","slug":"un-armenio-y-un-mexicano-misma-edad-curtidos-como-gijon-pocos","status":"publish","type":"post","link":"https:\/\/blogs.elcomercio.es\/reflexiones-de-belarmino\/2022\/08\/24\/un-armenio-y-un-mexicano-misma-edad-curtidos-como-gijon-pocos\/","title":{"rendered":"\u00a1\u00a1\u00a1\u00a1UN ARMENIO Y UN MEXICANO, MISMA EDAD, CURTIDOS: &#8221; COMO GIJ\u00d3N, POCOS &#8220;!!!!"},"content":{"rendered":"<p><b>En el a\u00f1o 301 surge el primer\u00a0pa\u00eds cristiano de la historia en la regi\u00f3n del C\u00e1ucaso: ARMENIA.Conversando con Daniel , \u00e9l, uno de los ingenieros de Chernobyl en el momento de la crisis, radicado hoy en Espa\u00f1a, en Gij\u00f3n, conversaban con un mexicano, el autor, ambos de la\u00a0misma idea, y curtidos por la\u00a0vida, :\u00a1\u00a1Como Gij\u00f3n, pocos !!!<\/b><\/p>\n<!-- AddThis Advanced Settings generic via filter on the_content --><!-- AddThis Share Buttons generic via filter on the_content -->","protected":false},"excerpt":{"rendered":"<p>En el a\u00f1o 301 surge el primer\u00a0pa\u00eds cristiano de la historia en la regi\u00f3n del C\u00e1ucaso: ARMENIA.Conversando con Daniel , \u00e9l, uno de los ingenieros de Chernobyl en el momento de la crisis, radicado hoy en Espa\u00f1a, en Gij\u00f3n, conversaban con un mexicano, el autor, ambos de la\u00a0misma idea, y curtidos por la\u00a0vida, :\u00a1\u00a1Como Gij\u00f3n, [&hellip;]<!-- AddThis Advanced Settings generic via filter on get_the_excerpt --><!-- AddThis Share Buttons generic via filter on get_the_excerpt --><\/p>\n","protected":false},"author":16,"featured_media":0,"comment_status":"open","ping_status":"closed","sticky":false,"template":"","format":"standard","meta":[],"categories":[1],"tags":[],"_links":{"self":[{"href":"https:\/\/blogs.elcomercio.es\/reflexiones-de-belarmino\/wp-json\/wp\/v2\/posts\/24705"}],"collection":[{"href":"https:\/\/blogs.elcomercio.es\/reflexiones-de-belarmino\/wp-json\/wp\/v2\/posts"}],"about":[{"href":"https:\/\/blogs.elcomercio.es\/reflexiones-de-belarmino\/wp-json\/wp\/v2\/types\/post"}],"author":[{"embeddable":true,"href":"https:\/\/blogs.elcomercio.es\/reflexiones-de-belarmino\/wp-json\/wp\/v2\/users\/16"}],"replies":[{"embeddable":true,"href":"https:\/\/blogs.elcomercio.es\/reflexiones-de-belarmino\/wp-json\/wp\/v2\/comments?post=24705"}],"version-history":[{"count":2,"href":"https:\/\/blogs.elcomercio.es\/reflexiones-de-belarmino\/wp-json\/wp\/v2\/posts\/24705\/revisions"}],"predecessor-version":[{"id":24707,"href":"https:\/\/blogs.elcomercio.es\/reflexiones-de-belarmino\/wp-json\/wp\/v2\/posts\/24705\/revisions\/24707"}],"wp:attachment":[{"href":"https:\/\/blogs.elcomercio.es\/reflexiones-de-belarmino\/wp-json\/wp\/v2\/media?parent=24705"}],"wp:term":[{"taxonomy":"category","embeddable":true,"href":"https:\/\/blogs.elcomercio.es\/reflexiones-de-belarmino\/wp-json\/wp\/v2\/categories?post=24705"},{"taxonomy":"post_tag","embeddable":true,"href":"https:\/\/blogs.elcomercio.es\/reflexiones-de-belarmino\/wp-json\/wp\/v2\/tags?post=24705"}],"curies":[{"name":"wp","href":"https:\/\/api.w.org\/{rel}","templated":true}]}}