{"id":24712,"date":"2022-08-24T11:36:59","date_gmt":"2022-08-24T09:36:59","guid":{"rendered":"https:\/\/blogs.elcomercio.es\/reflexiones-de-belarmino\/?p=24712"},"modified":"2022-08-24T11:36:59","modified_gmt":"2022-08-24T09:36:59","slug":"europa-se-asoma-a-la-recesion-tras-6-meses-de-guerra-en-ucrania-titular-de-el-pais","status":"publish","type":"post","link":"https:\/\/blogs.elcomercio.es\/reflexiones-de-belarmino\/2022\/08\/24\/europa-se-asoma-a-la-recesion-tras-6-meses-de-guerra-en-ucrania-titular-de-el-pais\/","title":{"rendered":"\u00a1\u00a1\u00a1\u00a1\u00a1&#8221;EUROPA SE ASOMA A LA RECESI\u00d3N TRAS 6 MESES DE GUERRA EN UCRANIA&#8221;, TITULAR DE EL PA\u00cdS !!!"},"content":{"rendered":"<p><b>El principal diario de papel de Espa\u00f1a, el Pa\u00eds, titula hoy su portada:&#8221; EUROPA SE ASOMA A LA RECESI\u00d3N\u00a0TRAS 6 MESES DE GUERRA EN UCRANIA&#8221;.<\/b><\/p>\n<p><b>El imparable ascenso del precio del gas y el desplome del euro a nivel de hace 20 a\u00f1os ante el d\u00f3lar, dos de las causas.<\/b><\/p>\n<!-- AddThis Advanced Settings generic via filter on the_content --><!-- AddThis Share Buttons generic via filter on the_content -->","protected":false},"excerpt":{"rendered":"<p>El principal diario de papel de Espa\u00f1a, el Pa\u00eds, titula hoy su portada:&#8221; EUROPA SE ASOMA A LA RECESI\u00d3N\u00a0TRAS 6 MESES DE GUERRA EN UCRANIA&#8221;. El imparable ascenso del precio del gas y el desplome del euro a nivel de hace 20 a\u00f1os ante el d\u00f3lar, dos de las causas.<!-- AddThis Advanced Settings generic via filter on get_the_excerpt --><!-- AddThis Share Buttons generic via filter on get_the_excerpt --><\/p>\n","protected":false},"author":16,"featured_media":0,"comment_status":"open","ping_status":"closed","sticky":false,"template":"","format":"standard","meta":[],"categories":[1],"tags":[],"_links":{"self":[{"href":"https:\/\/blogs.elcomercio.es\/reflexiones-de-belarmino\/wp-json\/wp\/v2\/posts\/24712"}],"collection":[{"href":"https:\/\/blogs.elcomercio.es\/reflexiones-de-belarmino\/wp-json\/wp\/v2\/posts"}],"about":[{"href":"https:\/\/blogs.elcomercio.es\/reflexiones-de-belarmino\/wp-json\/wp\/v2\/types\/post"}],"author":[{"embeddable":true,"href":"https:\/\/blogs.elcomercio.es\/reflexiones-de-belarmino\/wp-json\/wp\/v2\/users\/16"}],"replies":[{"embeddable":true,"href":"https:\/\/blogs.elcomercio.es\/reflexiones-de-belarmino\/wp-json\/wp\/v2\/comments?post=24712"}],"version-history":[{"count":1,"href":"https:\/\/blogs.elcomercio.es\/reflexiones-de-belarmino\/wp-json\/wp\/v2\/posts\/24712\/revisions"}],"predecessor-version":[{"id":24713,"href":"https:\/\/blogs.elcomercio.es\/reflexiones-de-belarmino\/wp-json\/wp\/v2\/posts\/24712\/revisions\/24713"}],"wp:attachment":[{"href":"https:\/\/blogs.elcomercio.es\/reflexiones-de-belarmino\/wp-json\/wp\/v2\/media?parent=24712"}],"wp:term":[{"taxonomy":"category","embeddable":true,"href":"https:\/\/blogs.elcomercio.es\/reflexiones-de-belarmino\/wp-json\/wp\/v2\/categories?post=24712"},{"taxonomy":"post_tag","embeddable":true,"href":"https:\/\/blogs.elcomercio.es\/reflexiones-de-belarmino\/wp-json\/wp\/v2\/tags?post=24712"}],"curies":[{"name":"wp","href":"https:\/\/api.w.org\/{rel}","templated":true}]}}