{"id":24735,"date":"2022-08-25T09:40:04","date_gmt":"2022-08-25T07:40:04","guid":{"rendered":"https:\/\/blogs.elcomercio.es\/reflexiones-de-belarmino\/?p=24735"},"modified":"2022-08-25T09:40:04","modified_gmt":"2022-08-25T07:40:04","slug":"pueblos-enteros-se-venden-en-louisiana-para-perforar-y-sacar-el-petroleo-para-europa","status":"publish","type":"post","link":"https:\/\/blogs.elcomercio.es\/reflexiones-de-belarmino\/2022\/08\/25\/pueblos-enteros-se-venden-en-louisiana-para-perforar-y-sacar-el-petroleo-para-europa\/","title":{"rendered":"\u00a1\u00a1\u00a1\u00a1 PUEBLOS ENTEROS  SE VENDEN EN LOUISIANA, PARA PERFORAR Y SACAR EL PETR\u00d3LEO PARA EUROPA !!!"},"content":{"rendered":"<p><b>Era el tercer objetivo de Biden. Primero triturar la imagen nacional\u00a0y mundial de Putin; luego hacer que Europa pagase por fin su defensa y la tercera suplir a Rusia con el petroleo de EE:UU.<\/b><\/p>\n<p><b>Ayer vimos c\u00f3mo\u00a0pueblos enteros de Lousiana, en Estados Unidos,\u00a0 vend\u00edan todas sus terrenos y casas para las petroleras, para tener\u00a0el petroleo que necesitan para sustituir\u00a0a Rusia.Lo est\u00e1n haciendo con el m\u00e9todo que prohibi\u00f3 Europa: el fracking , que es el m\u00e1s contaminante, pero el m\u00e1s\u00a0f\u00e1cil: solamente se rompe el piso, se hace el pozo a menor profundidad&#8230;y a\u00a0vender.<\/b><\/p>\n<p><b>Mientras Europa, pasar\u00e1 por una recesi\u00f3n\u00a0y vive los momentos del que hablaban ayer Macron y Robles, con la bandera de las libertades democr\u00e1ticas a la cabeza, sigue siendo manejada por los Estados Unidos, \u00e9stos m\u00e1s inteligentes, sin amigos mas que intereses, siguen su rumbo, que fijar\u00e1 el futuro entre Occidente y Rusia.<\/b><\/p>\n<p><strong>China, India, Am\u00e9rica Latina, Africa no participan, conocedores de las artima\u00f1as del imperio, en este conflicto ni en la guerra ,por igual de la desinformaci\u00f3n, por que tanto como debe de ser la rusa son las de Occidente.<\/strong><\/p>\n<p>&nbsp;<\/p>\n<!-- AddThis Advanced Settings generic via filter on the_content --><!-- AddThis Share Buttons generic via filter on the_content -->","protected":false},"excerpt":{"rendered":"<p>Era el tercer objetivo de Biden. Primero triturar la imagen nacional\u00a0y mundial de Putin; luego hacer que Europa pagase por fin su defensa y la tercera suplir a Rusia con el petroleo de EE:UU. Ayer vimos c\u00f3mo\u00a0pueblos enteros de Lousiana, en Estados Unidos,\u00a0 vend\u00edan todas sus terrenos y casas para las petroleras, para tener\u00a0el petroleo [&hellip;]<!-- AddThis Advanced Settings generic via filter on get_the_excerpt --><!-- AddThis Share Buttons generic via filter on get_the_excerpt --><\/p>\n","protected":false},"author":16,"featured_media":0,"comment_status":"open","ping_status":"closed","sticky":false,"template":"","format":"standard","meta":[],"categories":[1],"tags":[],"_links":{"self":[{"href":"https:\/\/blogs.elcomercio.es\/reflexiones-de-belarmino\/wp-json\/wp\/v2\/posts\/24735"}],"collection":[{"href":"https:\/\/blogs.elcomercio.es\/reflexiones-de-belarmino\/wp-json\/wp\/v2\/posts"}],"about":[{"href":"https:\/\/blogs.elcomercio.es\/reflexiones-de-belarmino\/wp-json\/wp\/v2\/types\/post"}],"author":[{"embeddable":true,"href":"https:\/\/blogs.elcomercio.es\/reflexiones-de-belarmino\/wp-json\/wp\/v2\/users\/16"}],"replies":[{"embeddable":true,"href":"https:\/\/blogs.elcomercio.es\/reflexiones-de-belarmino\/wp-json\/wp\/v2\/comments?post=24735"}],"version-history":[{"count":3,"href":"https:\/\/blogs.elcomercio.es\/reflexiones-de-belarmino\/wp-json\/wp\/v2\/posts\/24735\/revisions"}],"predecessor-version":[{"id":24738,"href":"https:\/\/blogs.elcomercio.es\/reflexiones-de-belarmino\/wp-json\/wp\/v2\/posts\/24735\/revisions\/24738"}],"wp:attachment":[{"href":"https:\/\/blogs.elcomercio.es\/reflexiones-de-belarmino\/wp-json\/wp\/v2\/media?parent=24735"}],"wp:term":[{"taxonomy":"category","embeddable":true,"href":"https:\/\/blogs.elcomercio.es\/reflexiones-de-belarmino\/wp-json\/wp\/v2\/categories?post=24735"},{"taxonomy":"post_tag","embeddable":true,"href":"https:\/\/blogs.elcomercio.es\/reflexiones-de-belarmino\/wp-json\/wp\/v2\/tags?post=24735"}],"curies":[{"name":"wp","href":"https:\/\/api.w.org\/{rel}","templated":true}]}}