{"id":24852,"date":"2022-08-31T09:19:30","date_gmt":"2022-08-31T07:19:30","guid":{"rendered":"https:\/\/blogs.elcomercio.es\/reflexiones-de-belarmino\/?p=24852"},"modified":"2022-08-31T09:19:30","modified_gmt":"2022-08-31T07:19:30","slug":"gorbachov-el-hombre-clave-para-entender-lo-que-pasa-hoy-en-ucrania","status":"publish","type":"post","link":"https:\/\/blogs.elcomercio.es\/reflexiones-de-belarmino\/2022\/08\/31\/gorbachov-el-hombre-clave-para-entender-lo-que-pasa-hoy-en-ucrania\/","title":{"rendered":"\u00a1\u00a1\u00a1\u00a1GORBACHOV, EL HOMBRE CLAVE PARA ENTENDER LO QUE PASA HOY EN UCRANIA!!!"},"content":{"rendered":"<p><b>Ayer muri\u00f3 a los 91 a\u00f1os Mijail Gorbachov, no s\u00f3lo figura clave en el fin de la URSS, sino del que\u00a0hay que partir para entender lo que pasa hoy en Ucrania..<\/b><\/p>\n<p><b>El 25 de diciembre de 1991, Gorbachov, firmaba el decreto\u00a0que\u00a0pon\u00eda fin a la URSS, creada a ra\u00edz\u00a0de la Revoluci\u00f3n Rusa de 1917.El hombre que intento reformar\u00a0desde dentro aquella poderosa potencia, termin\u00f3 por enterrarla.<\/b><\/p>\n<p><b>Visto como una esperanza en la\u00a0URSS y en Occidente, no lo logr\u00f3, acab\u00f3 con ella, y para el pueblo ruso fue un punto de partida. Las cartillas de racionamiento que le siguieron y el haber causado el final de una potencia mundial, que hab\u00eda derrotado\u00a0al nacismo, con todas sus contradicciones internas, pero permiti\u00f3 que la poderosa\u00a0URSS\u00a0 hizo que el pueblo ruso, el m\u00e1s fuerte y poderoso de todos los paises que se hab\u00edan incorporado\u00a0a aquella uni\u00f3n, no pudiera olvidarlo por que al final dej\u00f3 a Rusia, como una potencia perif\u00e9rica.<\/b><\/p>\n<p><strong>De aquellos lodos, son los polvos de lo que est\u00e1 sucediendo hoy en Ucrania, que procuraremos analizarlo m\u00e1s detalladamente.<\/strong><\/p>\n<p><b>El proyecto, dentro de la Guerra Fr\u00eda, que se inici\u00f3 con la &#8220;equivocaci\u00f3n&#8221; de aquel c\u00f3nclave\u00a0de la Iglesia Cat\u00f3lica de elegir para unos meses a Juan Pablo I, y luego dar la entrada al polaco, el amigo de Walesa Juan Pablo II, que era lo que Occidente necesitaba\u00a0para tirar a la URSS,,que lo logr\u00f3, ser\u00eda el origen de un proceso\u00a0que termin\u00f3 en lo que Rusia entendi\u00f3 como un asedio a su espacio vital sus fronteras\u00a0y Crimea, de\u00a0donde sale con la expresi\u00f3n de aquel descontento Vladimir Putin, y que hoy tiene en tensi\u00f3n a una\u00a0parte del mundo.<\/b><\/p>\n<!-- AddThis Advanced Settings generic via filter on the_content --><!-- AddThis Share Buttons generic via filter on the_content -->","protected":false},"excerpt":{"rendered":"<p>Ayer muri\u00f3 a los 91 a\u00f1os Mijail Gorbachov, no s\u00f3lo figura clave en el fin de la URSS, sino del que\u00a0hay que partir para entender lo que pasa hoy en Ucrania.. El 25 de diciembre de 1991, Gorbachov, firmaba el decreto\u00a0que\u00a0pon\u00eda fin a la URSS, creada a ra\u00edz\u00a0de la Revoluci\u00f3n Rusa de 1917.El hombre que [&hellip;]<!-- AddThis Advanced Settings generic via filter on get_the_excerpt --><!-- AddThis Share Buttons generic via filter on get_the_excerpt --><\/p>\n","protected":false},"author":16,"featured_media":0,"comment_status":"open","ping_status":"closed","sticky":false,"template":"","format":"standard","meta":[],"categories":[1],"tags":[],"_links":{"self":[{"href":"https:\/\/blogs.elcomercio.es\/reflexiones-de-belarmino\/wp-json\/wp\/v2\/posts\/24852"}],"collection":[{"href":"https:\/\/blogs.elcomercio.es\/reflexiones-de-belarmino\/wp-json\/wp\/v2\/posts"}],"about":[{"href":"https:\/\/blogs.elcomercio.es\/reflexiones-de-belarmino\/wp-json\/wp\/v2\/types\/post"}],"author":[{"embeddable":true,"href":"https:\/\/blogs.elcomercio.es\/reflexiones-de-belarmino\/wp-json\/wp\/v2\/users\/16"}],"replies":[{"embeddable":true,"href":"https:\/\/blogs.elcomercio.es\/reflexiones-de-belarmino\/wp-json\/wp\/v2\/comments?post=24852"}],"version-history":[{"count":1,"href":"https:\/\/blogs.elcomercio.es\/reflexiones-de-belarmino\/wp-json\/wp\/v2\/posts\/24852\/revisions"}],"predecessor-version":[{"id":24853,"href":"https:\/\/blogs.elcomercio.es\/reflexiones-de-belarmino\/wp-json\/wp\/v2\/posts\/24852\/revisions\/24853"}],"wp:attachment":[{"href":"https:\/\/blogs.elcomercio.es\/reflexiones-de-belarmino\/wp-json\/wp\/v2\/media?parent=24852"}],"wp:term":[{"taxonomy":"category","embeddable":true,"href":"https:\/\/blogs.elcomercio.es\/reflexiones-de-belarmino\/wp-json\/wp\/v2\/categories?post=24852"},{"taxonomy":"post_tag","embeddable":true,"href":"https:\/\/blogs.elcomercio.es\/reflexiones-de-belarmino\/wp-json\/wp\/v2\/tags?post=24852"}],"curies":[{"name":"wp","href":"https:\/\/api.w.org\/{rel}","templated":true}]}}