{"id":24856,"date":"2022-08-31T10:42:30","date_gmt":"2022-08-31T08:42:30","guid":{"rendered":"https:\/\/blogs.elcomercio.es\/reflexiones-de-belarmino\/?p=24856"},"modified":"2022-08-31T10:42:30","modified_gmt":"2022-08-31T08:42:30","slug":"gazprom-corta-el-gas-por-el-nord-stream-1-y-no-suministra-a-alemania-ni-a-francia-por-no-pagar-en-rublos","status":"publish","type":"post","link":"https:\/\/blogs.elcomercio.es\/reflexiones-de-belarmino\/2022\/08\/31\/gazprom-corta-el-gas-por-el-nord-stream-1-y-no-suministra-a-alemania-ni-a-francia-por-no-pagar-en-rublos\/","title":{"rendered":"\u00a1\u00a1\u00a1\u00a1\u00a1 GAZPROM CORTA EL GAS POR EL NORD STREAM 1, Y NO SUMINISTRA A ALEMANIA, NI A FRANCIA POR NO PAGAR EN RUBLOS !!!"},"content":{"rendered":"<p><b>Gazprom dio respuesta a Alemania y sus amenazas y, desde hoy, suspende el envio de gas a Europa\u00a0a trav\u00e9s del Nord Stream 1..<\/b><\/p>\n<p><b>Tambi\u00e9n dejara\u00a0de surtir a Francia por que\u00a0no acepta pagar en rublos..<\/b><\/p>\n<p><b>Argelia se vuelve al pa\u00eds clave antes del invierno. Francia al no tener el gas ruso, creemos, se inclinar\u00e1 por Argelia, y ello debilitar\u00e1 la prepuesta\u00a0de Alemania y de Espa\u00f1a<\/b><\/p>\n<!-- AddThis Advanced Settings generic via filter on the_content --><!-- AddThis Share Buttons generic via filter on the_content -->","protected":false},"excerpt":{"rendered":"<p>Gazprom dio respuesta a Alemania y sus amenazas y, desde hoy, suspende el envio de gas a Europa\u00a0a trav\u00e9s del Nord Stream 1.. Tambi\u00e9n dejara\u00a0de surtir a Francia por que\u00a0no acepta pagar en rublos.. Argelia se vuelve al pa\u00eds clave antes del invierno. Francia al no tener el gas ruso, creemos, se inclinar\u00e1 por Argelia, [&hellip;]<!-- AddThis Advanced Settings generic via filter on get_the_excerpt --><!-- AddThis Share Buttons generic via filter on get_the_excerpt --><\/p>\n","protected":false},"author":16,"featured_media":0,"comment_status":"open","ping_status":"closed","sticky":false,"template":"","format":"standard","meta":[],"categories":[1],"tags":[],"_links":{"self":[{"href":"https:\/\/blogs.elcomercio.es\/reflexiones-de-belarmino\/wp-json\/wp\/v2\/posts\/24856"}],"collection":[{"href":"https:\/\/blogs.elcomercio.es\/reflexiones-de-belarmino\/wp-json\/wp\/v2\/posts"}],"about":[{"href":"https:\/\/blogs.elcomercio.es\/reflexiones-de-belarmino\/wp-json\/wp\/v2\/types\/post"}],"author":[{"embeddable":true,"href":"https:\/\/blogs.elcomercio.es\/reflexiones-de-belarmino\/wp-json\/wp\/v2\/users\/16"}],"replies":[{"embeddable":true,"href":"https:\/\/blogs.elcomercio.es\/reflexiones-de-belarmino\/wp-json\/wp\/v2\/comments?post=24856"}],"version-history":[{"count":1,"href":"https:\/\/blogs.elcomercio.es\/reflexiones-de-belarmino\/wp-json\/wp\/v2\/posts\/24856\/revisions"}],"predecessor-version":[{"id":24857,"href":"https:\/\/blogs.elcomercio.es\/reflexiones-de-belarmino\/wp-json\/wp\/v2\/posts\/24856\/revisions\/24857"}],"wp:attachment":[{"href":"https:\/\/blogs.elcomercio.es\/reflexiones-de-belarmino\/wp-json\/wp\/v2\/media?parent=24856"}],"wp:term":[{"taxonomy":"category","embeddable":true,"href":"https:\/\/blogs.elcomercio.es\/reflexiones-de-belarmino\/wp-json\/wp\/v2\/categories?post=24856"},{"taxonomy":"post_tag","embeddable":true,"href":"https:\/\/blogs.elcomercio.es\/reflexiones-de-belarmino\/wp-json\/wp\/v2\/tags?post=24856"}],"curies":[{"name":"wp","href":"https:\/\/api.w.org\/{rel}","templated":true}]}}