{"id":24858,"date":"2022-08-31T11:00:50","date_gmt":"2022-08-31T09:00:50","guid":{"rendered":"https:\/\/blogs.elcomercio.es\/reflexiones-de-belarmino\/?p=24858"},"modified":"2022-08-31T11:00:50","modified_gmt":"2022-08-31T09:00:50","slug":"estrategica-lucha-por-el-control-del-senado-en-pensilvania-entre-biden-y-trump","status":"publish","type":"post","link":"https:\/\/blogs.elcomercio.es\/reflexiones-de-belarmino\/2022\/08\/31\/estrategica-lucha-por-el-control-del-senado-en-pensilvania-entre-biden-y-trump\/","title":{"rendered":"\u00a1\u00a1\u00a1\u00a1ESTRAT\u00c9GICA LUCHA POR EL CONTROL DEL SENADO EN PENSILVANIA ENTRE BIDEN Y TRUMP !!!"},"content":{"rendered":"<p><b>Cara al\u00a0 8 de noviembre elecciones intermedias en los Estados Unidos, claves\u00a0para el avance o no de Donald Trump. Pensilvania y su control del Senado, se han vuelto estrat\u00e9gicas.<\/b><\/p>\n<p><strong>A dos meses y medio de esas cruciales elecciones, creemos, por supuesto, que no va a a haber un alto al fuego en Ucrania, y Trump tendr\u00e1 que ser parado por el sistema a trav\u00e9s de la justicia para evitar da\u00f1os mayores.<\/strong><\/p>\n<p><b>Ayer el Departamento de Justicia de haber\u00a0negado haberse llevado algunos documentos muy importantes y que\u00a0finalmente el FBI encontr\u00f3 en 33 cajas, finalmente, que sacaron\u00a0de su mansi\u00f3n en Mar a Lago , en Florida.<\/b><\/p>\n<p>&nbsp;<\/p>\n<!-- AddThis Advanced Settings generic via filter on the_content --><!-- AddThis Share Buttons generic via filter on the_content -->","protected":false},"excerpt":{"rendered":"<p>Cara al\u00a0 8 de noviembre elecciones intermedias en los Estados Unidos, claves\u00a0para el avance o no de Donald Trump. Pensilvania y su control del Senado, se han vuelto estrat\u00e9gicas. A dos meses y medio de esas cruciales elecciones, creemos, por supuesto, que no va a a haber un alto al fuego en Ucrania, y Trump [&hellip;]<!-- AddThis Advanced Settings generic via filter on get_the_excerpt --><!-- AddThis Share Buttons generic via filter on get_the_excerpt --><\/p>\n","protected":false},"author":16,"featured_media":0,"comment_status":"open","ping_status":"closed","sticky":false,"template":"","format":"standard","meta":[],"categories":[1],"tags":[],"_links":{"self":[{"href":"https:\/\/blogs.elcomercio.es\/reflexiones-de-belarmino\/wp-json\/wp\/v2\/posts\/24858"}],"collection":[{"href":"https:\/\/blogs.elcomercio.es\/reflexiones-de-belarmino\/wp-json\/wp\/v2\/posts"}],"about":[{"href":"https:\/\/blogs.elcomercio.es\/reflexiones-de-belarmino\/wp-json\/wp\/v2\/types\/post"}],"author":[{"embeddable":true,"href":"https:\/\/blogs.elcomercio.es\/reflexiones-de-belarmino\/wp-json\/wp\/v2\/users\/16"}],"replies":[{"embeddable":true,"href":"https:\/\/blogs.elcomercio.es\/reflexiones-de-belarmino\/wp-json\/wp\/v2\/comments?post=24858"}],"version-history":[{"count":1,"href":"https:\/\/blogs.elcomercio.es\/reflexiones-de-belarmino\/wp-json\/wp\/v2\/posts\/24858\/revisions"}],"predecessor-version":[{"id":24859,"href":"https:\/\/blogs.elcomercio.es\/reflexiones-de-belarmino\/wp-json\/wp\/v2\/posts\/24858\/revisions\/24859"}],"wp:attachment":[{"href":"https:\/\/blogs.elcomercio.es\/reflexiones-de-belarmino\/wp-json\/wp\/v2\/media?parent=24858"}],"wp:term":[{"taxonomy":"category","embeddable":true,"href":"https:\/\/blogs.elcomercio.es\/reflexiones-de-belarmino\/wp-json\/wp\/v2\/categories?post=24858"},{"taxonomy":"post_tag","embeddable":true,"href":"https:\/\/blogs.elcomercio.es\/reflexiones-de-belarmino\/wp-json\/wp\/v2\/tags?post=24858"}],"curies":[{"name":"wp","href":"https:\/\/api.w.org\/{rel}","templated":true}]}}