{"id":24860,"date":"2022-08-31T11:26:04","date_gmt":"2022-08-31T09:26:04","guid":{"rendered":"https:\/\/blogs.elcomercio.es\/reflexiones-de-belarmino\/?p=24860"},"modified":"2022-08-31T11:26:04","modified_gmt":"2022-08-31T09:26:04","slug":"homenaje-de-la-memoria-del-mundo-unesco-al-shindler-mexicano-don-gilberto-bosques","status":"publish","type":"post","link":"https:\/\/blogs.elcomercio.es\/reflexiones-de-belarmino\/2022\/08\/31\/homenaje-de-la-memoria-del-mundo-unesco-al-shindler-mexicano-don-gilberto-bosques\/","title":{"rendered":"\u00a1\u00a1\u00a1HOMENAJE DE LA MEMORIA DEL MUNDO, UNESCO, AL &#8220;SHINDLER MEXICANO&#8221; DON GILBERTO BOSQUES !!!"},"content":{"rendered":"<p><b>Han pasado\u00a0 desde 1939,ochenta y cuatro\u00a0 a\u00f1os, para que alguien se acordaran de aquel hombre(salvo Israel que le hicieron hace muchos a\u00f1os un memorial en Tel Aviv, por haber salvado la vida de tantos judios) y donde en Espa\u00f1a, nadie sabe quien fue, no s\u00f3lo en el franquismo que no le interes\u00f3, sino por todos los ex presidentes\u00a0socialistas de la transici\u00f3n: Felipe Gonz\u00e1lez, Jos\u00e9 Luis Rodriguez Zapatero ni Pedro Sanchez, y por supuesto por Aznar o Rajoy..<\/b><\/p>\n<p><b>Se le conoce en el mundo como el &#8221; Schindler mexicano&#8221; y ayer la Unesco, a trav\u00e9s\u00a0de la Memoria del Mundo, lo honr\u00f3 con su reconocimiento..<\/b><\/p>\n<p><b>Don Gilberto Bosques, fue comisionado por el General L\u00e1zaro\u00a0C\u00e1rdenas\u00a0al triunfar el levantamiento franquista en 1939, a trasladarse a Francia de inmediato para ayudar a los 280,000 refugiados espa\u00f1oles que estaban en los 4 campos de concentraci\u00f3n\u00a0franceses.<\/b><\/p>\n<p><b>Este hombre, los localiz\u00f3\u00a0mand\u00f3 una carta: &#8221; SI USTED ES ESPA\u00d1OL Y REFUGIADO DE LA GUERRA, PARA MI PA\u00cdS, MEXICO, SERA UN HONOR CONCEDERLE EL ASILO&#8221;.<\/b><\/p>\n<p><b> Seg\u00fan el diario el Pa\u00eds\u00a0decenas\u00a0de miles de cartas fueron enviadas\u00a0al Consulado\u00a0mexicano, y seg\u00fan consta en sus archivos en ciudad de M\u00e9xico, firm\u00f3 85,000 visas de asilo. De all\u00ed salieron todos los que pudieron hasta aquel triste d\u00eda en que el &#8220;\u00b7cu\u00f1adisimo&#8221; Serrano Su\u00f1er, acuerda con el gobierno de Hitler, impedir que nadie saliese de Francia, obligando a casi 200,000 refugiados a luchar, por sobrevivir, algunos incorporados al ejercito franc\u00e9s y casi 5,000 cayeron en los Hornos de Mauthassen.<\/b><\/p>\n<p><b>34,000 de ellos, tuvieron la suerte de ser recibidos por M\u00e9xico que ser\u00eda el Exilio Mexicano.All\u00ed encontraron\u00a0cari\u00f1o, futuro y enriquecieron a aquel pa\u00eds que nunca olvidaron, como este autor.<\/b><\/p>\n<p><strong>En Espa\u00f1a, &#8220;Gilberto Bosques, Luis E. Rodriguez, \u00bfWhat?, ni idea..<\/strong><\/p>\n<p><strong>Contar\u00e9 ma\u00f1ana lo que hizo Don Gilberto con el Embajador Luis E. Rodriguez, para ayudar a Don Manuel Aza\u00f1a, el \u00faltimo presidente de la II Rep\u00fablica, y por que el\u00a0 est\u00e1 sepultado en el olvido total en la ciudad francesa de Montbaum, cubierto con la bandera mexicana.<\/strong><\/p>\n<p>&nbsp;<\/p>\n<p>&nbsp;<\/p>\n<p>&nbsp;<\/p>\n<p>&nbsp;<\/p>\n<p>&nbsp;<\/p>\n<p>&nbsp;<\/p>\n<!-- AddThis Advanced Settings generic via filter on the_content --><!-- AddThis Share Buttons generic via filter on the_content -->","protected":false},"excerpt":{"rendered":"<p>Han pasado\u00a0 desde 1939,ochenta y cuatro\u00a0 a\u00f1os, para que alguien se acordaran de aquel hombre(salvo Israel que le hicieron hace muchos a\u00f1os un memorial en Tel Aviv, por haber salvado la vida de tantos judios) y donde en Espa\u00f1a, nadie sabe quien fue, no s\u00f3lo en el franquismo que no le interes\u00f3, sino por todos [&hellip;]<!-- AddThis Advanced Settings generic via filter on get_the_excerpt --><!-- AddThis Share Buttons generic via filter on get_the_excerpt --><\/p>\n","protected":false},"author":16,"featured_media":0,"comment_status":"open","ping_status":"closed","sticky":false,"template":"","format":"standard","meta":[],"categories":[1],"tags":[],"_links":{"self":[{"href":"https:\/\/blogs.elcomercio.es\/reflexiones-de-belarmino\/wp-json\/wp\/v2\/posts\/24860"}],"collection":[{"href":"https:\/\/blogs.elcomercio.es\/reflexiones-de-belarmino\/wp-json\/wp\/v2\/posts"}],"about":[{"href":"https:\/\/blogs.elcomercio.es\/reflexiones-de-belarmino\/wp-json\/wp\/v2\/types\/post"}],"author":[{"embeddable":true,"href":"https:\/\/blogs.elcomercio.es\/reflexiones-de-belarmino\/wp-json\/wp\/v2\/users\/16"}],"replies":[{"embeddable":true,"href":"https:\/\/blogs.elcomercio.es\/reflexiones-de-belarmino\/wp-json\/wp\/v2\/comments?post=24860"}],"version-history":[{"count":2,"href":"https:\/\/blogs.elcomercio.es\/reflexiones-de-belarmino\/wp-json\/wp\/v2\/posts\/24860\/revisions"}],"predecessor-version":[{"id":24862,"href":"https:\/\/blogs.elcomercio.es\/reflexiones-de-belarmino\/wp-json\/wp\/v2\/posts\/24860\/revisions\/24862"}],"wp:attachment":[{"href":"https:\/\/blogs.elcomercio.es\/reflexiones-de-belarmino\/wp-json\/wp\/v2\/media?parent=24860"}],"wp:term":[{"taxonomy":"category","embeddable":true,"href":"https:\/\/blogs.elcomercio.es\/reflexiones-de-belarmino\/wp-json\/wp\/v2\/categories?post=24860"},{"taxonomy":"post_tag","embeddable":true,"href":"https:\/\/blogs.elcomercio.es\/reflexiones-de-belarmino\/wp-json\/wp\/v2\/tags?post=24860"}],"curies":[{"name":"wp","href":"https:\/\/api.w.org\/{rel}","templated":true}]}}