{"id":24884,"date":"2022-09-01T09:57:22","date_gmt":"2022-09-01T07:57:22","guid":{"rendered":"https:\/\/blogs.elcomercio.es\/reflexiones-de-belarmino\/?p=24884"},"modified":"2022-09-01T09:57:22","modified_gmt":"2022-09-01T07:57:22","slug":"bienvenidas-las-primarias-en-gijon-la-democracia-nunca-es-obstaculo-maxime-cuando-se-puede-perder-gijon-estrategico-para-asturias","status":"publish","type":"post","link":"https:\/\/blogs.elcomercio.es\/reflexiones-de-belarmino\/2022\/09\/01\/bienvenidas-las-primarias-en-gijon-la-democracia-nunca-es-obstaculo-maxime-cuando-se-puede-perder-gijon-estrategico-para-asturias\/","title":{"rendered":"\u00a1\u00a1BIENVENIDAS LAS PRIMARIAS  EN GIJON. LA DEMOCRACIA NUNCA ES  OBST\u00c1CULO, M\u00c1XIME CUANDO SE PUEDE PERDER GIJON, ESTRAT\u00c9GICO PARA ASTURIAS !!! !!!"},"content":{"rendered":"<p><b>\u00bfA que le tiene miedo la FSA de que se realicen\u00a0primarias en Gij\u00f3n?. \u00bf Desde cuando la democracia\u00a0ha sido un obst\u00e1culo\u00a0para un partido socialista?..<\/b><\/p>\n<p><strong>La soluci\u00f3n para ganar las Auton\u00f3micas, pasa por Gij\u00f3n, y en esta ciudad hist\u00f3rica eso de casi prohibir las primarias, eso del &#8220;barullu&#8221;, va contra\u00a0 nuestra historia.<\/strong><\/p>\n<p><strong>&#8220;Garantizar el anonimato&#8221; para asistir a unas primarias, en nuestra regi\u00f3n, es incomprensible.<\/strong><\/p>\n<p><b>\u00bf A ver si lo que ocultaba la gesti\u00f3n\u00a0de Fern\u00e1ndez en el Sporting que ha salido a la luz con el cambio, no ha sido lo que ha pasado en los gobiernos y el partido socialista en\u00a0 Asturias durante estos decenios?.<\/b><\/p>\n<p><strong>Que hablen los militantes.<\/strong><\/p>\n<!-- AddThis Advanced Settings generic via filter on the_content --><!-- AddThis Share Buttons generic via filter on the_content -->","protected":false},"excerpt":{"rendered":"<p>\u00bfA que le tiene miedo la FSA de que se realicen\u00a0primarias en Gij\u00f3n?. \u00bf Desde cuando la democracia\u00a0ha sido un obst\u00e1culo\u00a0para un partido socialista?.. La soluci\u00f3n para ganar las Auton\u00f3micas, pasa por Gij\u00f3n, y en esta ciudad hist\u00f3rica eso de casi prohibir las primarias, eso del &#8220;barullu&#8221;, va contra\u00a0 nuestra historia. &#8220;Garantizar el anonimato&#8221; para [&hellip;]<!-- AddThis Advanced Settings generic via filter on get_the_excerpt --><!-- AddThis Share Buttons generic via filter on get_the_excerpt --><\/p>\n","protected":false},"author":16,"featured_media":0,"comment_status":"open","ping_status":"closed","sticky":false,"template":"","format":"standard","meta":[],"categories":[1],"tags":[],"_links":{"self":[{"href":"https:\/\/blogs.elcomercio.es\/reflexiones-de-belarmino\/wp-json\/wp\/v2\/posts\/24884"}],"collection":[{"href":"https:\/\/blogs.elcomercio.es\/reflexiones-de-belarmino\/wp-json\/wp\/v2\/posts"}],"about":[{"href":"https:\/\/blogs.elcomercio.es\/reflexiones-de-belarmino\/wp-json\/wp\/v2\/types\/post"}],"author":[{"embeddable":true,"href":"https:\/\/blogs.elcomercio.es\/reflexiones-de-belarmino\/wp-json\/wp\/v2\/users\/16"}],"replies":[{"embeddable":true,"href":"https:\/\/blogs.elcomercio.es\/reflexiones-de-belarmino\/wp-json\/wp\/v2\/comments?post=24884"}],"version-history":[{"count":4,"href":"https:\/\/blogs.elcomercio.es\/reflexiones-de-belarmino\/wp-json\/wp\/v2\/posts\/24884\/revisions"}],"predecessor-version":[{"id":24888,"href":"https:\/\/blogs.elcomercio.es\/reflexiones-de-belarmino\/wp-json\/wp\/v2\/posts\/24884\/revisions\/24888"}],"wp:attachment":[{"href":"https:\/\/blogs.elcomercio.es\/reflexiones-de-belarmino\/wp-json\/wp\/v2\/media?parent=24884"}],"wp:term":[{"taxonomy":"category","embeddable":true,"href":"https:\/\/blogs.elcomercio.es\/reflexiones-de-belarmino\/wp-json\/wp\/v2\/categories?post=24884"},{"taxonomy":"post_tag","embeddable":true,"href":"https:\/\/blogs.elcomercio.es\/reflexiones-de-belarmino\/wp-json\/wp\/v2\/tags?post=24884"}],"curies":[{"name":"wp","href":"https:\/\/api.w.org\/{rel}","templated":true}]}}