{"id":24891,"date":"2022-09-01T10:30:57","date_gmt":"2022-09-01T08:30:57","guid":{"rendered":"https:\/\/blogs.elcomercio.es\/reflexiones-de-belarmino\/?p=24891"},"modified":"2022-09-01T10:30:57","modified_gmt":"2022-09-01T08:30:57","slug":"nunez-feijoo-nervioso-da-un-discurso-incomprensible-y-confunde-galerna-con-caverna","status":"publish","type":"post","link":"https:\/\/blogs.elcomercio.es\/reflexiones-de-belarmino\/2022\/09\/01\/nunez-feijoo-nervioso-da-un-discurso-incomprensible-y-confunde-galerna-con-caverna\/","title":{"rendered":"\u00a1\u00a1\u00a1NU\u00d1EZ FEIJ\u00d3O, NERVIOSO, DA UN DISCURSO INCOMPRENSIBLE Y CONFUNDE GALERNA CON CAVERNA !!!"},"content":{"rendered":"<p><b>Ser\u00e1 por su enfrentamiento con Sanchez en el Senado la semana pr\u00f3xima,\u00a0 o\u00a0 por que sienta que estaba mas tranquilo en su querida Galicia, el caso es que ayer en su provincia pronunci\u00f3\u00a0un discurso incomprensible.<\/b><\/p>\n<p><strong>Veamos dos ejemplos. Confundi\u00f2 Galerna con Caverna y luego dijo que&#8221; todos los espa\u00f1oles somos catalanes vivamos donde vivamos&#8221;(sic).<\/strong><\/p>\n<!-- AddThis Advanced Settings generic via filter on the_content --><!-- AddThis Share Buttons generic via filter on the_content -->","protected":false},"excerpt":{"rendered":"<p>Ser\u00e1 por su enfrentamiento con Sanchez en el Senado la semana pr\u00f3xima,\u00a0 o\u00a0 por que sienta que estaba mas tranquilo en su querida Galicia, el caso es que ayer en su provincia pronunci\u00f3\u00a0un discurso incomprensible. Veamos dos ejemplos. Confundi\u00f2 Galerna con Caverna y luego dijo que&#8221; todos los espa\u00f1oles somos catalanes vivamos donde vivamos&#8221;(sic).<!-- AddThis Advanced Settings generic via filter on get_the_excerpt --><!-- AddThis Share Buttons generic via filter on get_the_excerpt --><\/p>\n","protected":false},"author":16,"featured_media":0,"comment_status":"open","ping_status":"closed","sticky":false,"template":"","format":"standard","meta":[],"categories":[1],"tags":[],"_links":{"self":[{"href":"https:\/\/blogs.elcomercio.es\/reflexiones-de-belarmino\/wp-json\/wp\/v2\/posts\/24891"}],"collection":[{"href":"https:\/\/blogs.elcomercio.es\/reflexiones-de-belarmino\/wp-json\/wp\/v2\/posts"}],"about":[{"href":"https:\/\/blogs.elcomercio.es\/reflexiones-de-belarmino\/wp-json\/wp\/v2\/types\/post"}],"author":[{"embeddable":true,"href":"https:\/\/blogs.elcomercio.es\/reflexiones-de-belarmino\/wp-json\/wp\/v2\/users\/16"}],"replies":[{"embeddable":true,"href":"https:\/\/blogs.elcomercio.es\/reflexiones-de-belarmino\/wp-json\/wp\/v2\/comments?post=24891"}],"version-history":[{"count":1,"href":"https:\/\/blogs.elcomercio.es\/reflexiones-de-belarmino\/wp-json\/wp\/v2\/posts\/24891\/revisions"}],"predecessor-version":[{"id":24892,"href":"https:\/\/blogs.elcomercio.es\/reflexiones-de-belarmino\/wp-json\/wp\/v2\/posts\/24891\/revisions\/24892"}],"wp:attachment":[{"href":"https:\/\/blogs.elcomercio.es\/reflexiones-de-belarmino\/wp-json\/wp\/v2\/media?parent=24891"}],"wp:term":[{"taxonomy":"category","embeddable":true,"href":"https:\/\/blogs.elcomercio.es\/reflexiones-de-belarmino\/wp-json\/wp\/v2\/categories?post=24891"},{"taxonomy":"post_tag","embeddable":true,"href":"https:\/\/blogs.elcomercio.es\/reflexiones-de-belarmino\/wp-json\/wp\/v2\/tags?post=24891"}],"curies":[{"name":"wp","href":"https:\/\/api.w.org\/{rel}","templated":true}]}}