{"id":24893,"date":"2022-09-01T10:49:15","date_gmt":"2022-09-01T08:49:15","guid":{"rendered":"https:\/\/blogs.elcomercio.es\/reflexiones-de-belarmino\/?p=24893"},"modified":"2022-09-01T10:49:15","modified_gmt":"2022-09-01T08:49:15","slug":"hoy-el-cuarto-informe-de-gobierno-de-lopez-obrador-que-ha-iniciado-la-transformacion-de-raiz-del-pais","status":"publish","type":"post","link":"https:\/\/blogs.elcomercio.es\/reflexiones-de-belarmino\/2022\/09\/01\/hoy-el-cuarto-informe-de-gobierno-de-lopez-obrador-que-ha-iniciado-la-transformacion-de-raiz-del-pais\/","title":{"rendered":"\u00a1\u00a1\u00a1\u00a1HOY EL CUARTO INFORME DE GOBIERNO DE LOPEZ OBRADOR, QUE HA INICIADO LA TRANSFORMACI\u00d3N DE RA\u00cdZ DEL PA\u00cdS !!!!"},"content":{"rendered":"<p><b>Hoy a las 4 de la tarde hora de M\u00e9xico, 23 has\u00a0en Espa\u00f1a, el presidente electo de los Estados Unidos Mexicanos\u00a0 Andr\u00e9s Manuel L\u00f3pez Obrador dar\u00e1\u00a0su Cuarto Informe de\u00a0Gobierno.<\/b><\/p>\n<p><b>La tierra de los olmecas, los aztecas, los mayas, luego la Nueva Espa\u00f1a, m\u00e1s tarde creador en 1857 de la Rep\u00fablica\u00a0Federal, en 1910 la Revoluci\u00f3n Mexicana, que nacionaliza el petroleo en 1938 y la electricidad en 1960, y que tras desastrosos 30 a\u00f1os de gobiernos neoliberales que estuvieron\u00a0a punto de llevar el pa\u00eds a un &#8220;Estado fallido&#8221; pero cuyo\u00a0 pueblo escogi\u00f3 el camino de las urnas, arras\u00f3 y constitucionalmente llego a la Presidencia, a ganar las dos C\u00e1maras y tener hoy 22 de los 32 estados del pa\u00eds, en su Cuarta Transformaci\u00f3n en 1918, irreconocible ,recibe hoy el informe de su Presidente el 1 de septiembre de cada a\u00f1o.<\/b><\/p>\n<p><b>Dos a\u00f1os le quedan a L\u00f3pez Obrador con 98 de las 100 promesas de campa\u00f1a cumplidas y una aceptaci\u00f3n del 63 %, s\u00f3lo detr\u00e1s\u00a0del Primer Ministro\u00a0de la India, Nerandri\u00a0 Moddi con el 69 % en aceptaci\u00f3n popular.<\/b><\/p>\n<p><strong>Dificilmente las urnas elegir\u00e1n un sucesor o sucesora que no sea de MORENA, donde destacan la gobernadora de la ciudad de M\u00e9xico Claudia Scheinbaum y el canciller Marcelo Ebrard, pero que el pueblo elegir\u00e1 directamente mediante encuestas nacionales.<\/strong><\/p>\n<p>&nbsp;<\/p>\n<p>&nbsp;<\/p>\n<!-- AddThis Advanced Settings generic via filter on the_content --><!-- AddThis Share Buttons generic via filter on the_content -->","protected":false},"excerpt":{"rendered":"<p>Hoy a las 4 de la tarde hora de M\u00e9xico, 23 has\u00a0en Espa\u00f1a, el presidente electo de los Estados Unidos Mexicanos\u00a0 Andr\u00e9s Manuel L\u00f3pez Obrador dar\u00e1\u00a0su Cuarto Informe de\u00a0Gobierno. La tierra de los olmecas, los aztecas, los mayas, luego la Nueva Espa\u00f1a, m\u00e1s tarde creador en 1857 de la Rep\u00fablica\u00a0Federal, en 1910 la Revoluci\u00f3n Mexicana, [&hellip;]<!-- AddThis Advanced Settings generic via filter on get_the_excerpt --><!-- AddThis Share Buttons generic via filter on get_the_excerpt --><\/p>\n","protected":false},"author":16,"featured_media":0,"comment_status":"open","ping_status":"closed","sticky":false,"template":"","format":"standard","meta":[],"categories":[1],"tags":[],"_links":{"self":[{"href":"https:\/\/blogs.elcomercio.es\/reflexiones-de-belarmino\/wp-json\/wp\/v2\/posts\/24893"}],"collection":[{"href":"https:\/\/blogs.elcomercio.es\/reflexiones-de-belarmino\/wp-json\/wp\/v2\/posts"}],"about":[{"href":"https:\/\/blogs.elcomercio.es\/reflexiones-de-belarmino\/wp-json\/wp\/v2\/types\/post"}],"author":[{"embeddable":true,"href":"https:\/\/blogs.elcomercio.es\/reflexiones-de-belarmino\/wp-json\/wp\/v2\/users\/16"}],"replies":[{"embeddable":true,"href":"https:\/\/blogs.elcomercio.es\/reflexiones-de-belarmino\/wp-json\/wp\/v2\/comments?post=24893"}],"version-history":[{"count":3,"href":"https:\/\/blogs.elcomercio.es\/reflexiones-de-belarmino\/wp-json\/wp\/v2\/posts\/24893\/revisions"}],"predecessor-version":[{"id":24896,"href":"https:\/\/blogs.elcomercio.es\/reflexiones-de-belarmino\/wp-json\/wp\/v2\/posts\/24893\/revisions\/24896"}],"wp:attachment":[{"href":"https:\/\/blogs.elcomercio.es\/reflexiones-de-belarmino\/wp-json\/wp\/v2\/media?parent=24893"}],"wp:term":[{"taxonomy":"category","embeddable":true,"href":"https:\/\/blogs.elcomercio.es\/reflexiones-de-belarmino\/wp-json\/wp\/v2\/categories?post=24893"},{"taxonomy":"post_tag","embeddable":true,"href":"https:\/\/blogs.elcomercio.es\/reflexiones-de-belarmino\/wp-json\/wp\/v2\/tags?post=24893"}],"curies":[{"name":"wp","href":"https:\/\/api.w.org\/{rel}","templated":true}]}}