{"id":24899,"date":"2022-09-01T15:56:13","date_gmt":"2022-09-01T13:56:13","guid":{"rendered":"https:\/\/blogs.elcomercio.es\/reflexiones-de-belarmino\/?p=24899"},"modified":"2022-09-01T15:56:13","modified_gmt":"2022-09-01T13:56:13","slug":"el-esqueleto-del-gran-imperiodesbordadoentre-pormenores-de-la-monarquia","status":"publish","type":"post","link":"https:\/\/blogs.elcomercio.es\/reflexiones-de-belarmino\/2022\/09\/01\/el-esqueleto-del-gran-imperiodesbordadoentre-pormenores-de-la-monarquia\/","title":{"rendered":"\u00a1\u00a1\u00a1 EL ESQUELETO DEL GRAN IMPERIO,DESBORDADO,ENTRE PORMENORES DE LA MONARQU\u00cdA !!!"},"content":{"rendered":"<p><b>Cuando all\u00e1 por 1,250, Inglaterra daba el ejemplo al mundo\u00a0 de un sistema parlamentario,mil a\u00f1os despu\u00e9s que que aquel pa\u00eds se convirtiera en uno de los mayores imperios de la historia,siendo la cuarta potencia mundial , nadie se imaginar\u00eda que ser\u00eda el \u00fanico pa\u00eds QUE NO TENIA UNA CONSTITUCI\u00d3N\u00a0ESCRITA y que iba a pasar a principios de septiembre del 2022.<\/b><\/p>\n<p><strong>Seg\u00fan la Constituci\u00f3n no escrita, la reina Isabel II, es la \u00fanica que puede dar la complacencia para que el Primer Ministro electo por el pueblo, y este lo sea legalmente.<\/strong><\/p>\n<p><b>Pues la ausencia para un acto muy importante de su sistema pol\u00edtico, hoy, por primera\u00a0vez en m\u00e1s de 60 a\u00f1os, la reina no asisti\u00f3 a Westminster, y desde Balmoral donde reside, levant\u00f3 las alarmas, puesto que hasta, por lo menos, el pr\u00f3ximo martes, no habr\u00e1 nuevo o nueva primer ministro en el Reino Unido.<\/b><\/p>\n<p><b>Si la reina falleciera antes de la elecci\u00f3n NADIE PODR\u00cdA\u00a0INVESTIR AL NUEVO PRIMER MINISTRO, y aquel todopoderoso imperio, estar\u00eda en medio de una gran crisis que los expertos estiman la inflaci\u00f3n llegue al Reino Unido al 20 %, hist\u00f3rico, aunque no lo creamos.<\/b><\/p>\n<p><b>Ni el hijo lo podr\u00eda hacer. Nunca hicieron una Ley de Regencia, y hoy el pa\u00eds, m\u00e1s preocupado ayer por Diana, empieza a preocuparse\u00a0muy seriamente de su futuro<\/b><\/p>\n<p>&nbsp;<\/p>\n<!-- AddThis Advanced Settings generic via filter on the_content --><!-- AddThis Share Buttons generic via filter on the_content -->","protected":false},"excerpt":{"rendered":"<p>Cuando all\u00e1 por 1,250, Inglaterra daba el ejemplo al mundo\u00a0 de un sistema parlamentario,mil a\u00f1os despu\u00e9s que que aquel pa\u00eds se convirtiera en uno de los mayores imperios de la historia,siendo la cuarta potencia mundial , nadie se imaginar\u00eda que ser\u00eda el \u00fanico pa\u00eds QUE NO TENIA UNA CONSTITUCI\u00d3N\u00a0ESCRITA y que iba a pasar a [&hellip;]<!-- AddThis Advanced Settings generic via filter on get_the_excerpt --><!-- AddThis Share Buttons generic via filter on get_the_excerpt --><\/p>\n","protected":false},"author":16,"featured_media":0,"comment_status":"open","ping_status":"closed","sticky":false,"template":"","format":"standard","meta":[],"categories":[1],"tags":[],"_links":{"self":[{"href":"https:\/\/blogs.elcomercio.es\/reflexiones-de-belarmino\/wp-json\/wp\/v2\/posts\/24899"}],"collection":[{"href":"https:\/\/blogs.elcomercio.es\/reflexiones-de-belarmino\/wp-json\/wp\/v2\/posts"}],"about":[{"href":"https:\/\/blogs.elcomercio.es\/reflexiones-de-belarmino\/wp-json\/wp\/v2\/types\/post"}],"author":[{"embeddable":true,"href":"https:\/\/blogs.elcomercio.es\/reflexiones-de-belarmino\/wp-json\/wp\/v2\/users\/16"}],"replies":[{"embeddable":true,"href":"https:\/\/blogs.elcomercio.es\/reflexiones-de-belarmino\/wp-json\/wp\/v2\/comments?post=24899"}],"version-history":[{"count":2,"href":"https:\/\/blogs.elcomercio.es\/reflexiones-de-belarmino\/wp-json\/wp\/v2\/posts\/24899\/revisions"}],"predecessor-version":[{"id":24901,"href":"https:\/\/blogs.elcomercio.es\/reflexiones-de-belarmino\/wp-json\/wp\/v2\/posts\/24899\/revisions\/24901"}],"wp:attachment":[{"href":"https:\/\/blogs.elcomercio.es\/reflexiones-de-belarmino\/wp-json\/wp\/v2\/media?parent=24899"}],"wp:term":[{"taxonomy":"category","embeddable":true,"href":"https:\/\/blogs.elcomercio.es\/reflexiones-de-belarmino\/wp-json\/wp\/v2\/categories?post=24899"},{"taxonomy":"post_tag","embeddable":true,"href":"https:\/\/blogs.elcomercio.es\/reflexiones-de-belarmino\/wp-json\/wp\/v2\/tags?post=24899"}],"curies":[{"name":"wp","href":"https:\/\/api.w.org\/{rel}","templated":true}]}}