{"id":24902,"date":"2022-09-01T16:21:40","date_gmt":"2022-09-01T14:21:40","guid":{"rendered":"https:\/\/blogs.elcomercio.es\/reflexiones-de-belarmino\/?p=24902"},"modified":"2022-09-01T16:21:40","modified_gmt":"2022-09-01T14:21:40","slug":"por-fin-mariano-grossi-al-frente-de-la-oiea-llega-a-la-central-nuclear-ucrania-quiere-que-sea-por-dos-dias-y-rusia-por-que-sea-permanente","status":"publish","type":"post","link":"https:\/\/blogs.elcomercio.es\/reflexiones-de-belarmino\/2022\/09\/01\/por-fin-mariano-grossi-al-frente-de-la-oiea-llega-a-la-central-nuclear-ucrania-quiere-que-sea-por-dos-dias-y-rusia-por-que-sea-permanente\/","title":{"rendered":"\u00a1\u00a1\u00a1\u00a1\u00a1\u00a1\u00a1\u00a1\u00a1POR FIN, MARIANO GROSSI AL FRENTE DE LA OIEA, LLEGA A LA CENTRAL NUCLEAR. UCRANIA QUIERE QUE SEA POR DOS D\u00cdAS Y RUSIA POR QUE SEA PERMANENTE !!!"},"content":{"rendered":"<p><b>El Doctor Carlos Velez Ocon, doctor en energ\u00eda nuclear, hijo de republicanos espa\u00f1oles, amigo, gran persona, lleg\u00f3 a ser Vicepresidente\u00a0de la Organizaci\u00f3n Internacional de la Energia At\u00f3mica. Por el me enter\u00e9 de que\u00a0 se encuentra su sede en Viena y como funciona.Hoy al ver como se seleccionaron\u00a0entre diversos paises los que asistir\u00edan a esta complicada visita\u00a0 a Zaporityia, y las horas y horas para tener acceso, entre bombardeos a la central, pens\u00e9 en el Director General de dicha organizaci\u00f3n Mariano Grossi y su comisi\u00f3n, al encontrarse dentro de la Central\u00a0Nuclear.<\/b><\/p>\n<p><strong>El fue claro: Venimos a observar y analizar y garantizar la seguridad de la este gran Central Nuclear, dejando a la politica,\u00a0 la resoluci\u00f3n del tiempo. Ucrania quiere que la visiten, la chequen y se vayan.Rusia pide una permanente representaci\u00f3n de la OIEA en la planta.<\/strong><\/p>\n<!-- AddThis Advanced Settings generic via filter on the_content --><!-- AddThis Share Buttons generic via filter on the_content -->","protected":false},"excerpt":{"rendered":"<p>El Doctor Carlos Velez Ocon, doctor en energ\u00eda nuclear, hijo de republicanos espa\u00f1oles, amigo, gran persona, lleg\u00f3 a ser Vicepresidente\u00a0de la Organizaci\u00f3n Internacional de la Energia At\u00f3mica. Por el me enter\u00e9 de que\u00a0 se encuentra su sede en Viena y como funciona.Hoy al ver como se seleccionaron\u00a0entre diversos paises los que asistir\u00edan a esta complicada [&hellip;]<!-- AddThis Advanced Settings generic via filter on get_the_excerpt --><!-- AddThis Share Buttons generic via filter on get_the_excerpt --><\/p>\n","protected":false},"author":16,"featured_media":0,"comment_status":"open","ping_status":"closed","sticky":false,"template":"","format":"standard","meta":[],"categories":[1],"tags":[],"_links":{"self":[{"href":"https:\/\/blogs.elcomercio.es\/reflexiones-de-belarmino\/wp-json\/wp\/v2\/posts\/24902"}],"collection":[{"href":"https:\/\/blogs.elcomercio.es\/reflexiones-de-belarmino\/wp-json\/wp\/v2\/posts"}],"about":[{"href":"https:\/\/blogs.elcomercio.es\/reflexiones-de-belarmino\/wp-json\/wp\/v2\/types\/post"}],"author":[{"embeddable":true,"href":"https:\/\/blogs.elcomercio.es\/reflexiones-de-belarmino\/wp-json\/wp\/v2\/users\/16"}],"replies":[{"embeddable":true,"href":"https:\/\/blogs.elcomercio.es\/reflexiones-de-belarmino\/wp-json\/wp\/v2\/comments?post=24902"}],"version-history":[{"count":1,"href":"https:\/\/blogs.elcomercio.es\/reflexiones-de-belarmino\/wp-json\/wp\/v2\/posts\/24902\/revisions"}],"predecessor-version":[{"id":24903,"href":"https:\/\/blogs.elcomercio.es\/reflexiones-de-belarmino\/wp-json\/wp\/v2\/posts\/24902\/revisions\/24903"}],"wp:attachment":[{"href":"https:\/\/blogs.elcomercio.es\/reflexiones-de-belarmino\/wp-json\/wp\/v2\/media?parent=24902"}],"wp:term":[{"taxonomy":"category","embeddable":true,"href":"https:\/\/blogs.elcomercio.es\/reflexiones-de-belarmino\/wp-json\/wp\/v2\/categories?post=24902"},{"taxonomy":"post_tag","embeddable":true,"href":"https:\/\/blogs.elcomercio.es\/reflexiones-de-belarmino\/wp-json\/wp\/v2\/tags?post=24902"}],"curies":[{"name":"wp","href":"https:\/\/api.w.org\/{rel}","templated":true}]}}