{"id":24904,"date":"2022-09-01T17:25:57","date_gmt":"2022-09-01T15:25:57","guid":{"rendered":"https:\/\/blogs.elcomercio.es\/reflexiones-de-belarmino\/?p=24904"},"modified":"2022-09-01T17:25:57","modified_gmt":"2022-09-01T15:25:57","slug":"de-pedro-a-gerardo-50-anos-y-10000-kms-de-distancia-dos-experiencias","status":"publish","type":"post","link":"https:\/\/blogs.elcomercio.es\/reflexiones-de-belarmino\/2022\/09\/01\/de-pedro-a-gerardo-50-anos-y-10000-kms-de-distancia-dos-experiencias\/","title":{"rendered":"\u00a1\u00a1\u00a1\u00a1\u00a1DE PEDRO A GERARDO, 50 A\u00d1OS Y 10,000 KMS. DE DISTANCIA, DOS EXPERIENCIAS !!!"},"content":{"rendered":"<p><b>Era 1973, aun a\u00f1o antes del Congreso de Surrenes, con la organizaci\u00f3n y el registro del primer partido en 16 a\u00f1os en obtener un registro\u00a0en M\u00e9xico, el Partido Socialista de los\u00a0Trabajadores, cuando este autor fue nombrado organizador de los tabacaleros del pa\u00eds.<\/b><\/p>\n<p><b>El tabaco negro siempre se ha dado en el Golfo de M\u00e9xico, y m\u00e1s tarde, para complacer\u00a0a las clases medias, se creo el &#8220;tabaco rubio&#8221; en Nayarit..En el norte del estado de Veracruz est\u00e1n los grandes cultivos, donde dedique dos a\u00f1os de mi vida en sus luchas y organizaci\u00f3n.<\/b><\/p>\n<p><strong>Era costumbre entre los campesinos, siempre guardar una cantidad intocable: Los gastos para ser enterrados.<\/strong><\/p>\n<p><b>Un d\u00eda me informaron la historia de Pedro, 23 a\u00f1os, compa\u00f1ero, casado con In\u00e9s 21 a\u00f1os y dos hijos.Lo hab\u00eda conocido en su peque\u00f1o pueblo, donde por\u00a0primera vez, escuche el silencio, silencio: no hab\u00eda electricidad ni ninguna energ\u00eda m\u00e1s que la del sol.<\/b><\/p>\n<p><strong>Un d\u00eda enferm\u00f3 Ines, y la tuvieron que llevar a la ciudad m\u00e1s cercana. 20 kms en\u00a0<\/strong><b>terrecer\u00eda, y 60 en carretera hasta Tuxpam, la ciudad donde hab\u00edan embarcado Fidel, Raul y el Che en el Granma. All\u00ed\u00a0Pedro tuvo que tomar una importante\u00a0decisi\u00f3n:Tratar de salvar a su esposa\u00a0pero a riesgo de gastarse aquel fondo. Y lo hizo, e In\u00e9s muri\u00f3 a los 21 a\u00f1os. Pedro sin un peso, logr\u00f3 que una camioneta llevase el cuerpo de ella, hasta el cruce del\u00a0ri\u00f3 que lo separaba con su pueblo.<\/b><\/p>\n<p><b>A las 12 noche, llam\u00f3 al barquero, quien los cruz\u00f3 con el el cuerpo\u00a0de In\u00e9s. Los 6 kil\u00f3metros del rio a su casa\u00a0 caminando en la madrugada con el cuerpo de su querida esposa, debe de haber sido de un tristeza\u00a0tan profunda que no alcance a alcanzarla.<\/b><\/p>\n<p><b> Cincuenta\u00a0 a\u00f1os\u00a0m\u00e1s tarde, todos los d\u00edas\u00a0 un residente\u00a0de los Apartamentos\u00a0GIj\u00f3n del ERA pasa Gerardo de 75 a\u00f1os, con c\u00e1ncer\u00a0en todo el cuerpo,en huesos, que lleva un a\u00f1o entre que lo internaban\u00a0en Jove y el se sal\u00eda, para sorpresa de los m\u00e9dicos.Hace un mes llamaron a la familia para\u00a0informarle y que se preparasen a lo peor.<\/b><\/p>\n<p><b>&#8220;Emiliano&#8221; como lo llamaban sus amigos, tiene una planta de aire en su recamar\u00e1. Vive 20 horas\u00a0 conectado al oxigeno en su cama, y las otras 4\u00a0 las vive a su aire cuando, de pronto, cada d\u00eda aparece, para dar su paseo, tomarse sus cervecitas y luego su fabada. Cuando el cuerpo no da mas, lo veo aparecer de nuevo,cordial siempre, amigos, a volver a conectarse\u00a0al oxigeno otras 20 horas.<\/b><\/p>\n<p><strong>Cuatro horas vivo, es un lujo y el, a fe m\u00eda que lo vive al m\u00e1ximo.<\/strong><\/p>\n<p>&nbsp;<\/p>\n<p>&nbsp;<\/p>\n<p>&nbsp;<\/p>\n<p>&nbsp;<\/p>\n<!-- AddThis Advanced Settings generic via filter on the_content --><!-- AddThis Share Buttons generic via filter on the_content -->","protected":false},"excerpt":{"rendered":"<p>Era 1973, aun a\u00f1o antes del Congreso de Surrenes, con la organizaci\u00f3n y el registro del primer partido en 16 a\u00f1os en obtener un registro\u00a0en M\u00e9xico, el Partido Socialista de los\u00a0Trabajadores, cuando este autor fue nombrado organizador de los tabacaleros del pa\u00eds. El tabaco negro siempre se ha dado en el Golfo de M\u00e9xico, y [&hellip;]<!-- AddThis Advanced Settings generic via filter on get_the_excerpt --><!-- AddThis Share Buttons generic via filter on get_the_excerpt --><\/p>\n","protected":false},"author":16,"featured_media":0,"comment_status":"open","ping_status":"closed","sticky":false,"template":"","format":"standard","meta":[],"categories":[1],"tags":[],"_links":{"self":[{"href":"https:\/\/blogs.elcomercio.es\/reflexiones-de-belarmino\/wp-json\/wp\/v2\/posts\/24904"}],"collection":[{"href":"https:\/\/blogs.elcomercio.es\/reflexiones-de-belarmino\/wp-json\/wp\/v2\/posts"}],"about":[{"href":"https:\/\/blogs.elcomercio.es\/reflexiones-de-belarmino\/wp-json\/wp\/v2\/types\/post"}],"author":[{"embeddable":true,"href":"https:\/\/blogs.elcomercio.es\/reflexiones-de-belarmino\/wp-json\/wp\/v2\/users\/16"}],"replies":[{"embeddable":true,"href":"https:\/\/blogs.elcomercio.es\/reflexiones-de-belarmino\/wp-json\/wp\/v2\/comments?post=24904"}],"version-history":[{"count":3,"href":"https:\/\/blogs.elcomercio.es\/reflexiones-de-belarmino\/wp-json\/wp\/v2\/posts\/24904\/revisions"}],"predecessor-version":[{"id":24907,"href":"https:\/\/blogs.elcomercio.es\/reflexiones-de-belarmino\/wp-json\/wp\/v2\/posts\/24904\/revisions\/24907"}],"wp:attachment":[{"href":"https:\/\/blogs.elcomercio.es\/reflexiones-de-belarmino\/wp-json\/wp\/v2\/media?parent=24904"}],"wp:term":[{"taxonomy":"category","embeddable":true,"href":"https:\/\/blogs.elcomercio.es\/reflexiones-de-belarmino\/wp-json\/wp\/v2\/categories?post=24904"},{"taxonomy":"post_tag","embeddable":true,"href":"https:\/\/blogs.elcomercio.es\/reflexiones-de-belarmino\/wp-json\/wp\/v2\/tags?post=24904"}],"curies":[{"name":"wp","href":"https:\/\/api.w.org\/{rel}","templated":true}]}}