{"id":24908,"date":"2022-09-01T18:26:45","date_gmt":"2022-09-01T16:26:45","guid":{"rendered":"https:\/\/blogs.elcomercio.es\/reflexiones-de-belarmino\/?p=24908"},"modified":"2022-09-01T18:26:45","modified_gmt":"2022-09-01T16:26:45","slug":"macron-hay-que-hablar-con-putin-nos-va-dividir-si-el-unico-interlocutor-es-erdogan","status":"publish","type":"post","link":"https:\/\/blogs.elcomercio.es\/reflexiones-de-belarmino\/2022\/09\/01\/macron-hay-que-hablar-con-putin-nos-va-dividir-si-el-unico-interlocutor-es-erdogan\/","title":{"rendered":"\u00a1\u00a1\u00a1 MACRON, &#8220;HAY QUE HABLAR CON PUTIN&#8221;;&#8230; &#8221; NOS VA DIVIDIR SI EL \u00daNICO INTERLOCUTOR ES ERDOGAN &#8220;!!!"},"content":{"rendered":"<p><b>El presidente de Francia, \u00bfquien m\u00e1s ? se dio\u00a0cuenta y lo alert\u00f3 hoy: &#8221; HAY QUE HABLAR CON PUTIN, QUE VA A TERMINAR DIVIDI\u00c9NDONOS\u00a0SI EL \u00daNICO\u00a0INTERLOCUTOR ES ERDOGAN &#8220;.<\/b><\/p>\n<p><b>\u00bf\u00a0 Donde est\u00e1 la experiencia\u00a0de Angela Merkel?, \u00bfse considera\u00a0Borrell, en decadencia. el hombre que enfrentar\u00e1 al comunismo ruso&#8221;.<\/b><\/p>\n<p><strong>Don Joseph se qued\u00f3 en el pensamiento posterior a 1921, donde se enfrentaron los socialistas contra su escisi\u00f3n los comunistas y viceversa, &#8230;.pero un el Borrell de hoy habla a 100 a\u00f1os de distancia. <\/strong><\/p>\n<p>&nbsp;<\/p>\n<!-- AddThis Advanced Settings generic via filter on the_content --><!-- AddThis Share Buttons generic via filter on the_content -->","protected":false},"excerpt":{"rendered":"<p>El presidente de Francia, \u00bfquien m\u00e1s ? se dio\u00a0cuenta y lo alert\u00f3 hoy: &#8221; HAY QUE HABLAR CON PUTIN, QUE VA A TERMINAR DIVIDI\u00c9NDONOS\u00a0SI EL \u00daNICO\u00a0INTERLOCUTOR ES ERDOGAN &#8220;. \u00bf\u00a0 Donde est\u00e1 la experiencia\u00a0de Angela Merkel?, \u00bfse considera\u00a0Borrell, en decadencia. el hombre que enfrentar\u00e1 al comunismo ruso&#8221;. Don Joseph se qued\u00f3 en el pensamiento posterior [&hellip;]<!-- AddThis Advanced Settings generic via filter on get_the_excerpt --><!-- AddThis Share Buttons generic via filter on get_the_excerpt --><\/p>\n","protected":false},"author":16,"featured_media":0,"comment_status":"open","ping_status":"closed","sticky":false,"template":"","format":"standard","meta":[],"categories":[1],"tags":[],"_links":{"self":[{"href":"https:\/\/blogs.elcomercio.es\/reflexiones-de-belarmino\/wp-json\/wp\/v2\/posts\/24908"}],"collection":[{"href":"https:\/\/blogs.elcomercio.es\/reflexiones-de-belarmino\/wp-json\/wp\/v2\/posts"}],"about":[{"href":"https:\/\/blogs.elcomercio.es\/reflexiones-de-belarmino\/wp-json\/wp\/v2\/types\/post"}],"author":[{"embeddable":true,"href":"https:\/\/blogs.elcomercio.es\/reflexiones-de-belarmino\/wp-json\/wp\/v2\/users\/16"}],"replies":[{"embeddable":true,"href":"https:\/\/blogs.elcomercio.es\/reflexiones-de-belarmino\/wp-json\/wp\/v2\/comments?post=24908"}],"version-history":[{"count":1,"href":"https:\/\/blogs.elcomercio.es\/reflexiones-de-belarmino\/wp-json\/wp\/v2\/posts\/24908\/revisions"}],"predecessor-version":[{"id":24909,"href":"https:\/\/blogs.elcomercio.es\/reflexiones-de-belarmino\/wp-json\/wp\/v2\/posts\/24908\/revisions\/24909"}],"wp:attachment":[{"href":"https:\/\/blogs.elcomercio.es\/reflexiones-de-belarmino\/wp-json\/wp\/v2\/media?parent=24908"}],"wp:term":[{"taxonomy":"category","embeddable":true,"href":"https:\/\/blogs.elcomercio.es\/reflexiones-de-belarmino\/wp-json\/wp\/v2\/categories?post=24908"},{"taxonomy":"post_tag","embeddable":true,"href":"https:\/\/blogs.elcomercio.es\/reflexiones-de-belarmino\/wp-json\/wp\/v2\/tags?post=24908"}],"curies":[{"name":"wp","href":"https:\/\/api.w.org\/{rel}","templated":true}]}}