{"id":24910,"date":"2022-09-01T18:47:57","date_gmt":"2022-09-01T16:47:57","guid":{"rendered":"https:\/\/blogs.elcomercio.es\/reflexiones-de-belarmino\/?p=24910"},"modified":"2022-09-01T18:47:57","modified_gmt":"2022-09-01T16:47:57","slug":"vamos-a-seguir-trabajando-para-conseguir-un-nuevo-proyecto-de-pais-yolanda-diaz","status":"publish","type":"post","link":"https:\/\/blogs.elcomercio.es\/reflexiones-de-belarmino\/2022\/09\/01\/vamos-a-seguir-trabajando-para-conseguir-un-nuevo-proyecto-de-pais-yolanda-diaz\/","title":{"rendered":"\u00a1\u00a1\u00a1\u00a1&#8221; VAMOS A SEGUIR TRABAJANDO PARA CONSEGUIR UN NUEVO PROYECTO DE PA\u00cdS&#8221;: YOLANDA DIAZ !!!"},"content":{"rendered":"<p><b>Y lo cumpli\u00f3. Hoy primero de septiembre del 2022, Yolanda D\u00edaz, en nuestra opini\u00f3n la mejor dirigente\u00a0politica de Espa\u00f1a, empez\u00f3 la consulta, el escuchar al pueblo en su tierra natal,Galicia\u00a0 en Folgoso de Curiel.<\/b><\/p>\n<p><b>La imagen hablan por si sola. Sentada en una mesa rectangular, y detr\u00e1s de \u00e9sta\u00a0 sentados ,todos los dem\u00e1s vecinos que quer\u00edan decir algo. Creo que los 30 de la mesa rectangular ser\u00edan los dirigentes locales, pero estaba abierta a todo el pueblo. Y ella, escuchaba y escuchaba, tomando notas y al final explicaba por que el motivo de SUMAR escuchando al pueblo, en toda Espa\u00f1a.<\/b><\/p>\n<p><strong>El siguiente acto es el d\u00eda 9 en Bilbao.<\/strong><\/p>\n<p><b>Ya dej\u00f3 claro que no va a participar\u00a0en las Municipales, sino el esfuerzo son para las Generales.<\/b><\/p>\n<p><strong>15 meses de recorrer Espa\u00f1a, escuchando al pueblo espa\u00f1ol y la apretada agenda internacional que la va a llevar a Estados Unidos, a Europa y Am\u00e9rica Latina, por lo pronto,van a dar frutos.<\/strong><\/p>\n<p><b>Ese es al camino. Todo lo que\u00a0 se siembra ,un d\u00eda ,se cosecha. Este esfuerzo se va recoger en el momento que m\u00e1s lo necesite\u00a0Espa\u00f1a, para dar el triunfo al Gobierno de Coalici\u00f3n, en 2024, durante 4 a\u00f1os, fundamentales para confirmar lo que se est\u00e1 creando hoy con este Gobierno<\/b><\/p>\n<p><b>Mentes pensantes potentes est\u00e1n con ella en el silencio y Comisiones Obreras y la Uni\u00f3n\u00a0General de Trabajadores detr\u00e1s,con sus recursos, estructura y organizaci\u00f3n.<\/b>.<\/p>\n<!-- AddThis Advanced Settings generic via filter on the_content --><!-- AddThis Share Buttons generic via filter on the_content -->","protected":false},"excerpt":{"rendered":"<p>Y lo cumpli\u00f3. Hoy primero de septiembre del 2022, Yolanda D\u00edaz, en nuestra opini\u00f3n la mejor dirigente\u00a0politica de Espa\u00f1a, empez\u00f3 la consulta, el escuchar al pueblo en su tierra natal,Galicia\u00a0 en Folgoso de Curiel. La imagen hablan por si sola. Sentada en una mesa rectangular, y detr\u00e1s de \u00e9sta\u00a0 sentados ,todos los dem\u00e1s vecinos que [&hellip;]<!-- AddThis Advanced Settings generic via filter on get_the_excerpt --><!-- AddThis Share Buttons generic via filter on get_the_excerpt --><\/p>\n","protected":false},"author":16,"featured_media":0,"comment_status":"open","ping_status":"closed","sticky":false,"template":"","format":"standard","meta":[],"categories":[1],"tags":[],"_links":{"self":[{"href":"https:\/\/blogs.elcomercio.es\/reflexiones-de-belarmino\/wp-json\/wp\/v2\/posts\/24910"}],"collection":[{"href":"https:\/\/blogs.elcomercio.es\/reflexiones-de-belarmino\/wp-json\/wp\/v2\/posts"}],"about":[{"href":"https:\/\/blogs.elcomercio.es\/reflexiones-de-belarmino\/wp-json\/wp\/v2\/types\/post"}],"author":[{"embeddable":true,"href":"https:\/\/blogs.elcomercio.es\/reflexiones-de-belarmino\/wp-json\/wp\/v2\/users\/16"}],"replies":[{"embeddable":true,"href":"https:\/\/blogs.elcomercio.es\/reflexiones-de-belarmino\/wp-json\/wp\/v2\/comments?post=24910"}],"version-history":[{"count":1,"href":"https:\/\/blogs.elcomercio.es\/reflexiones-de-belarmino\/wp-json\/wp\/v2\/posts\/24910\/revisions"}],"predecessor-version":[{"id":24911,"href":"https:\/\/blogs.elcomercio.es\/reflexiones-de-belarmino\/wp-json\/wp\/v2\/posts\/24910\/revisions\/24911"}],"wp:attachment":[{"href":"https:\/\/blogs.elcomercio.es\/reflexiones-de-belarmino\/wp-json\/wp\/v2\/media?parent=24910"}],"wp:term":[{"taxonomy":"category","embeddable":true,"href":"https:\/\/blogs.elcomercio.es\/reflexiones-de-belarmino\/wp-json\/wp\/v2\/categories?post=24910"},{"taxonomy":"post_tag","embeddable":true,"href":"https:\/\/blogs.elcomercio.es\/reflexiones-de-belarmino\/wp-json\/wp\/v2\/tags?post=24910"}],"curies":[{"name":"wp","href":"https:\/\/api.w.org\/{rel}","templated":true}]}}