{"id":24915,"date":"2022-09-02T10:57:39","date_gmt":"2022-09-02T08:57:39","guid":{"rendered":"https:\/\/blogs.elcomercio.es\/reflexiones-de-belarmino\/?p=24915"},"modified":"2022-09-02T10:57:39","modified_gmt":"2022-09-02T08:57:39","slug":"cuando-tienes-el-revolver-a-10-centimetros-de-tu-cara-el-intento-se-asesinato-a-cristina-kirchner-va-a-prender-a-argentina","status":"publish","type":"post","link":"https:\/\/blogs.elcomercio.es\/reflexiones-de-belarmino\/2022\/09\/02\/cuando-tienes-el-revolver-a-10-centimetros-de-tu-cara-el-intento-se-asesinato-a-cristina-kirchner-va-a-prender-a-argentina\/","title":{"rendered":"\u00a1\u00a1\u00a1\u00a1CUANDO TIENES EL REVOLVER A 10 CENT\u00cdMETROS DE TU CARA&#8230;..EL INTENTO SE ASESINATO A CRISTINA KIRCHNER VA A PRENDER A ARGENTINA!!!"},"content":{"rendered":"<p><b>Gracias a las redes sociales, a un m\u00f3vil, podemos tener\u00a0la dram\u00e1tica imagen..La vicepresidenta\u00a0argentina Cristina Fernandez de Kirchner llegaba a su domicilio entre miles de seguidores que\u00a0custodian\u00a0su casa, cuando aparece un hombre,brasilero, y le acerca el revolver a 10 cent\u00edmetros\u00a0de su cabeza, le dispara&#8230;..pero falla. La pistola ten\u00eda 5 balas.<\/b><\/p>\n<p><strong>Noticia mundial\u00a0 la imagen ha dado la vuelta al mundo.<\/strong><\/p>\n<p><strong>El susto no se lo quit\u00f3 nadie, y ello ha provocado una condena internacional.<\/strong><\/p>\n<p><b>Hoy, dictado como no h\u00e1bil\u00a0por el presidente\u00a0 Fern\u00e1ndez, se lanzar\u00e1n las calles no s\u00f3lo los partidarios del actual gobierno, no s\u00f3lo los simpatizantes de ellas, sino de una gran parte de\u00a0la sociedad argentina.<\/b><\/p>\n<p>&nbsp;<\/p>\n<!-- AddThis Advanced Settings generic via filter on the_content --><!-- AddThis Share Buttons generic via filter on the_content -->","protected":false},"excerpt":{"rendered":"<p>Gracias a las redes sociales, a un m\u00f3vil, podemos tener\u00a0la dram\u00e1tica imagen..La vicepresidenta\u00a0argentina Cristina Fernandez de Kirchner llegaba a su domicilio entre miles de seguidores que\u00a0custodian\u00a0su casa, cuando aparece un hombre,brasilero, y le acerca el revolver a 10 cent\u00edmetros\u00a0de su cabeza, le dispara&#8230;..pero falla. La pistola ten\u00eda 5 balas. Noticia mundial\u00a0 la imagen ha dado [&hellip;]<!-- AddThis Advanced Settings generic via filter on get_the_excerpt --><!-- AddThis Share Buttons generic via filter on get_the_excerpt --><\/p>\n","protected":false},"author":16,"featured_media":0,"comment_status":"open","ping_status":"closed","sticky":false,"template":"","format":"standard","meta":[],"categories":[1],"tags":[],"_links":{"self":[{"href":"https:\/\/blogs.elcomercio.es\/reflexiones-de-belarmino\/wp-json\/wp\/v2\/posts\/24915"}],"collection":[{"href":"https:\/\/blogs.elcomercio.es\/reflexiones-de-belarmino\/wp-json\/wp\/v2\/posts"}],"about":[{"href":"https:\/\/blogs.elcomercio.es\/reflexiones-de-belarmino\/wp-json\/wp\/v2\/types\/post"}],"author":[{"embeddable":true,"href":"https:\/\/blogs.elcomercio.es\/reflexiones-de-belarmino\/wp-json\/wp\/v2\/users\/16"}],"replies":[{"embeddable":true,"href":"https:\/\/blogs.elcomercio.es\/reflexiones-de-belarmino\/wp-json\/wp\/v2\/comments?post=24915"}],"version-history":[{"count":1,"href":"https:\/\/blogs.elcomercio.es\/reflexiones-de-belarmino\/wp-json\/wp\/v2\/posts\/24915\/revisions"}],"predecessor-version":[{"id":24916,"href":"https:\/\/blogs.elcomercio.es\/reflexiones-de-belarmino\/wp-json\/wp\/v2\/posts\/24915\/revisions\/24916"}],"wp:attachment":[{"href":"https:\/\/blogs.elcomercio.es\/reflexiones-de-belarmino\/wp-json\/wp\/v2\/media?parent=24915"}],"wp:term":[{"taxonomy":"category","embeddable":true,"href":"https:\/\/blogs.elcomercio.es\/reflexiones-de-belarmino\/wp-json\/wp\/v2\/categories?post=24915"},{"taxonomy":"post_tag","embeddable":true,"href":"https:\/\/blogs.elcomercio.es\/reflexiones-de-belarmino\/wp-json\/wp\/v2\/tags?post=24915"}],"curies":[{"name":"wp","href":"https:\/\/api.w.org\/{rel}","templated":true}]}}