{"id":24917,"date":"2022-09-02T11:20:31","date_gmt":"2022-09-02T09:20:31","guid":{"rendered":"https:\/\/blogs.elcomercio.es\/reflexiones-de-belarmino\/?p=24917"},"modified":"2022-09-02T11:20:31","modified_gmt":"2022-09-02T09:20:31","slug":"200-votos-recogidos-el-primer-dia-para-las-garantizar-las-primarias-en-gijon","status":"publish","type":"post","link":"https:\/\/blogs.elcomercio.es\/reflexiones-de-belarmino\/2022\/09\/02\/200-votos-recogidos-el-primer-dia-para-las-garantizar-las-primarias-en-gijon\/","title":{"rendered":"\u00a1\u00a1\u00a1\u00a1\u00a1200 VOTOS RECOGIDOS EL PRIMER D\u00cdA PARA LAS GARANTIZAR LAS PRIMARIAS EN GIJ\u00d3N !!!"},"content":{"rendered":"<p><b>Va a ser un grave error de Adr\u00edan Barb\u00f3n, el llamar &#8220;barullu&#8221;, a la demanda de que el candidato\u00a0o candidata de Gij\u00f3n a la alcaldia fuera elegido\u00a0 a trav\u00e9s de unas primarias.<\/b><\/p>\n<p><b>La intervenci\u00f3n\u00a0de Ferraz, llev\u00f3 a fijarlas,como dicen los estatutos, y fij\u00f3 en 592 las firmas necesarias para confirmarlas, pero Ana\u00a0 Gonz\u00e1lez lo obtuvo con\u00a0 421, lo que ha llevado a la direcci\u00f3n del partido en Gij\u00f3n en fijar en ese n\u00famero la meta.<\/b><\/p>\n<p><strong>En el primer d\u00eda, roz\u00f3 la votaci\u00f3n los 200 votos.<\/strong><\/p>\n<p><strong>Se har\u00e1n primarias, Ana Gonz\u00e1lez no repetir\u00e1, y Adr\u00edan Barbon padecer\u00e1 el inmovilismo a que esta sujeto el m\u00e1s antiguo partido de Espa\u00f1a: El PSOE, desde 1879.<\/strong><\/p>\n<p><b>Esta oxigenaci\u00f3n, de abajo hacia arriba, pudieran ser un revolvente que\u00a0permita ganar las municipales. Alguien ten\u00eda que hacerlo, y por supuesto fue Gij\u00f3n.<\/b><\/p>\n<p>&nbsp;<\/p>\n<p>&nbsp;<\/p>\n<!-- AddThis Advanced Settings generic via filter on the_content --><!-- AddThis Share Buttons generic via filter on the_content -->","protected":false},"excerpt":{"rendered":"<p>Va a ser un grave error de Adr\u00edan Barb\u00f3n, el llamar &#8220;barullu&#8221;, a la demanda de que el candidato\u00a0o candidata de Gij\u00f3n a la alcaldia fuera elegido\u00a0 a trav\u00e9s de unas primarias. La intervenci\u00f3n\u00a0de Ferraz, llev\u00f3 a fijarlas,como dicen los estatutos, y fij\u00f3 en 592 las firmas necesarias para confirmarlas, pero Ana\u00a0 Gonz\u00e1lez lo obtuvo [&hellip;]<!-- AddThis Advanced Settings generic via filter on get_the_excerpt --><!-- AddThis Share Buttons generic via filter on get_the_excerpt --><\/p>\n","protected":false},"author":16,"featured_media":0,"comment_status":"open","ping_status":"closed","sticky":false,"template":"","format":"standard","meta":[],"categories":[1],"tags":[],"_links":{"self":[{"href":"https:\/\/blogs.elcomercio.es\/reflexiones-de-belarmino\/wp-json\/wp\/v2\/posts\/24917"}],"collection":[{"href":"https:\/\/blogs.elcomercio.es\/reflexiones-de-belarmino\/wp-json\/wp\/v2\/posts"}],"about":[{"href":"https:\/\/blogs.elcomercio.es\/reflexiones-de-belarmino\/wp-json\/wp\/v2\/types\/post"}],"author":[{"embeddable":true,"href":"https:\/\/blogs.elcomercio.es\/reflexiones-de-belarmino\/wp-json\/wp\/v2\/users\/16"}],"replies":[{"embeddable":true,"href":"https:\/\/blogs.elcomercio.es\/reflexiones-de-belarmino\/wp-json\/wp\/v2\/comments?post=24917"}],"version-history":[{"count":3,"href":"https:\/\/blogs.elcomercio.es\/reflexiones-de-belarmino\/wp-json\/wp\/v2\/posts\/24917\/revisions"}],"predecessor-version":[{"id":24920,"href":"https:\/\/blogs.elcomercio.es\/reflexiones-de-belarmino\/wp-json\/wp\/v2\/posts\/24917\/revisions\/24920"}],"wp:attachment":[{"href":"https:\/\/blogs.elcomercio.es\/reflexiones-de-belarmino\/wp-json\/wp\/v2\/media?parent=24917"}],"wp:term":[{"taxonomy":"category","embeddable":true,"href":"https:\/\/blogs.elcomercio.es\/reflexiones-de-belarmino\/wp-json\/wp\/v2\/categories?post=24917"},{"taxonomy":"post_tag","embeddable":true,"href":"https:\/\/blogs.elcomercio.es\/reflexiones-de-belarmino\/wp-json\/wp\/v2\/tags?post=24917"}],"curies":[{"name":"wp","href":"https:\/\/api.w.org\/{rel}","templated":true}]}}