{"id":24921,"date":"2022-09-02T11:38:37","date_gmt":"2022-09-02T09:38:37","guid":{"rendered":"https:\/\/blogs.elcomercio.es\/reflexiones-de-belarmino\/?p=24921"},"modified":"2022-09-02T11:38:37","modified_gmt":"2022-09-02T09:38:37","slug":"rafael-grossi-por-primera-vez-vamos-a-dejar-una-comision-dentro-de-la-central-que-informara-al-mundo","status":"publish","type":"post","link":"https:\/\/blogs.elcomercio.es\/reflexiones-de-belarmino\/2022\/09\/02\/rafael-grossi-por-primera-vez-vamos-a-dejar-una-comision-dentro-de-la-central-que-informara-al-mundo\/","title":{"rendered":"\u00a1\u00a1\u00a1\u00a1\u00a1RAFAEL GROSSI.- &#8221; POR PRIMERA VEZ, VAMOS A DEJAR UNA COMISI\u00d3N DENTRO DE LA CENTRAL QUE INFORMAR\u00c1 AL MUNDO &#8220;!!!"},"content":{"rendered":"<p><b>Ante los ataques de Zelenski que dice que &#8221; LA OIEA ha sido manipulada por Rusia&#8221;, Rafael Grossi, el Director General de dicha organizaci\u00f3n inform\u00f3 ayer que se quedar\u00e1 permanentemente\u00a0en la planta una comisi\u00f3n\u00a0de expertos que ser\u00e1n los ojos para\u00a0que la humanidad sepa que est\u00e1 pasando\u00a0all\u00ed&#8221;.<\/b><\/p>\n<p><strong>&#8220;La situaci\u00f3n es delicada. La Central no est\u00e1 en un pa\u00eds en guerra, sino en la linea de fuego &#8220;.<\/strong><\/p>\n<p><strong>Un adelanto y una tranquilidad para\u00a0 todos que quede all\u00ed una comisi\u00f3n permanente.<\/strong><\/p>\n<p>&nbsp;<\/p>\n<!-- AddThis Advanced Settings generic via filter on the_content --><!-- AddThis Share Buttons generic via filter on the_content -->","protected":false},"excerpt":{"rendered":"<p>Ante los ataques de Zelenski que dice que &#8221; LA OIEA ha sido manipulada por Rusia&#8221;, Rafael Grossi, el Director General de dicha organizaci\u00f3n inform\u00f3 ayer que se quedar\u00e1 permanentemente\u00a0en la planta una comisi\u00f3n\u00a0de expertos que ser\u00e1n los ojos para\u00a0que la humanidad sepa que est\u00e1 pasando\u00a0all\u00ed&#8221;. &#8220;La situaci\u00f3n es delicada. La Central no est\u00e1 en [&hellip;]<!-- AddThis Advanced Settings generic via filter on get_the_excerpt --><!-- AddThis Share Buttons generic via filter on get_the_excerpt --><\/p>\n","protected":false},"author":16,"featured_media":0,"comment_status":"open","ping_status":"closed","sticky":false,"template":"","format":"standard","meta":[],"categories":[1],"tags":[],"_links":{"self":[{"href":"https:\/\/blogs.elcomercio.es\/reflexiones-de-belarmino\/wp-json\/wp\/v2\/posts\/24921"}],"collection":[{"href":"https:\/\/blogs.elcomercio.es\/reflexiones-de-belarmino\/wp-json\/wp\/v2\/posts"}],"about":[{"href":"https:\/\/blogs.elcomercio.es\/reflexiones-de-belarmino\/wp-json\/wp\/v2\/types\/post"}],"author":[{"embeddable":true,"href":"https:\/\/blogs.elcomercio.es\/reflexiones-de-belarmino\/wp-json\/wp\/v2\/users\/16"}],"replies":[{"embeddable":true,"href":"https:\/\/blogs.elcomercio.es\/reflexiones-de-belarmino\/wp-json\/wp\/v2\/comments?post=24921"}],"version-history":[{"count":1,"href":"https:\/\/blogs.elcomercio.es\/reflexiones-de-belarmino\/wp-json\/wp\/v2\/posts\/24921\/revisions"}],"predecessor-version":[{"id":24922,"href":"https:\/\/blogs.elcomercio.es\/reflexiones-de-belarmino\/wp-json\/wp\/v2\/posts\/24921\/revisions\/24922"}],"wp:attachment":[{"href":"https:\/\/blogs.elcomercio.es\/reflexiones-de-belarmino\/wp-json\/wp\/v2\/media?parent=24921"}],"wp:term":[{"taxonomy":"category","embeddable":true,"href":"https:\/\/blogs.elcomercio.es\/reflexiones-de-belarmino\/wp-json\/wp\/v2\/categories?post=24921"},{"taxonomy":"post_tag","embeddable":true,"href":"https:\/\/blogs.elcomercio.es\/reflexiones-de-belarmino\/wp-json\/wp\/v2\/tags?post=24921"}],"curies":[{"name":"wp","href":"https:\/\/api.w.org\/{rel}","templated":true}]}}