{"id":24923,"date":"2022-09-02T12:08:14","date_gmt":"2022-09-02T10:08:14","guid":{"rendered":"https:\/\/blogs.elcomercio.es\/reflexiones-de-belarmino\/?p=24923"},"modified":"2022-09-02T12:08:14","modified_gmt":"2022-09-02T10:08:14","slug":"ya-no-domina-la-oligarquia-existe-un-gobierno-democratico-cuya-prioridad-son-los-pobres-amlo-en-su-4-informe","status":"publish","type":"post","link":"https:\/\/blogs.elcomercio.es\/reflexiones-de-belarmino\/2022\/09\/02\/ya-no-domina-la-oligarquia-existe-un-gobierno-democratico-cuya-prioridad-son-los-pobres-amlo-en-su-4-informe\/","title":{"rendered":"\u00a1\u00a1\u00a1&#8221; YA NO DOMINA LA OLIGARQU\u00cdA, EXISTE UN GOBIERNO DEMOCR\u00c1TICO CUYA PRIORIDAD SON LOS POBRES&#8221;: AMLO EN SU 4 INFORME !!!"},"content":{"rendered":"<p><b>Ayer, como todos los primeros de septiembre, el presidente de la Rep\u00fablica present\u00f3\u00a0ante el Congreso su Cuarto Informe\u00a0de Gobierno.Sintetizamos:<\/b><\/p>\n<p><b>&#8221; YA NO DOMINA LA OLIGARQU\u00cdA, EXISTE UN ESTADO DEMOCR\u00c1TICO CUYA PRIORIDAD SON LOS POBRES, LA CORRUPCI\u00d3N NO SE TOLERA,NI HAY IMPUNIDAD PARA NADIE,SE ACABO LA PROTECCI\u00d3N\u00a0FISCAL&#8221;<\/b><\/p>\n<p><b>&#8221; EL PA\u00cdS\u00a0AVANZA CON PLENA LIBERTAD DE EXPRESI\u00d3N\u00a0Y DISIDENCIA\u00a0 INTOCABLE&#8221;.<\/b><\/p>\n<p><b>&#8220;SE ESTA GANANDO LA BATALLA CONTRA EL RACISMO, EL CLASICISMO\u00a0Y LA\u00a0<\/b><b>DISCRIMINACI\u00d3N&#8221;<\/b><\/p>\n<p><b>&#8220;CON LA POL\u00cdTICA\u00a0DE AUSTERIDAD Y DE AHORRO Y REDUCIENDO LA EVASI\u00d3N\u00a0FISCAL HEMOS AHORRADO 4.1 BILLONES DE PESOS(200,000 millones de d\u00f3lares) QUE PERMITEN CREAR LA ESTADO DEL BIENESTAR.&#8221;<\/b><\/p>\n<p><b>&#8220;EL PRESIDENTE BIDEN ME HA CONFIRMADO EL R\u00c9CORD\u00a0EN NUESTRO COMERCIO BILATERAL QUE SE ENCUENTRA EN 384,000 MILLONES DE DOLARES&#8221;.<\/b><\/p>\n<p><em><strong>&#8221; En lo personal me siento muy bien y de buenas.Estoy feliz por que se ha logrado la revoluci\u00f3n de las conciencias y reducir el m\u00ednimo el analfabetismo pol\u00edtico&#8221;.<\/strong><\/em><\/p>\n<p><strong>Y el resto ha sido la informaci\u00f3n de lo que hemos trasmitido aqu\u00ed durante este cuatro a\u00f1os.<\/strong><\/p>\n<p><em><b>ESTE PROCESO EN EL SEGUNDO PA\u00cdS\u00a0 MAS IMPORTANTE DE AM\u00c9RICA\u00a0LATINA, TAN SOLO DETR\u00c1S DE BRASIL CON UN PIB SIMILAR AL DE ESPA\u00d1A(1.15 Bdls), PERO CON 3 VECES MAS POBLACI\u00d3N, POR ELLO LOS ESPA\u00d1OLES SON 3 VECES MAS RICOS QUE LOS MEXICANOS, desconocido en Espa\u00f1a , le daremos seguimiento en este\u00a0modesto blog.<\/b><\/em><\/p>\n<p><b>Sentadas las bases\u00a0irreversibles de la Cuarta Transformaci\u00f3n, a L\u00f3pez Obrador le quedan solo dos a\u00f1os, pero como \u00e9l dice,&#8221; al ritmo de trabajo que llevo, como que puedo hacer lo de 4 a\u00f1os &#8220;.<\/b><\/p>\n<p><strong>En 2024, quien pueblo decida, lo substituir\u00e1..<\/strong><\/p>\n<p><b>Este M\u00e9xico de hoy, en tan s\u00f3lo 4 a\u00f1os, tras\u00a0los 30 de neoliberalismo nada que ver con el que nos informan\u00a0 los corresponsales espa\u00f1oles en M\u00e9xico, de PRISA y de RTVE.<\/b><\/p>\n<!-- AddThis Advanced Settings generic via filter on the_content --><!-- AddThis Share Buttons generic via filter on the_content -->","protected":false},"excerpt":{"rendered":"<p>Ayer, como todos los primeros de septiembre, el presidente de la Rep\u00fablica present\u00f3\u00a0ante el Congreso su Cuarto Informe\u00a0de Gobierno.Sintetizamos: &#8221; YA NO DOMINA LA OLIGARQU\u00cdA, EXISTE UN ESTADO DEMOCR\u00c1TICO CUYA PRIORIDAD SON LOS POBRES, LA CORRUPCI\u00d3N NO SE TOLERA,NI HAY IMPUNIDAD PARA NADIE,SE ACABO LA PROTECCI\u00d3N\u00a0FISCAL&#8221; &#8221; EL PA\u00cdS\u00a0AVANZA CON PLENA LIBERTAD DE EXPRESI\u00d3N\u00a0Y DISIDENCIA\u00a0 [&hellip;]<!-- AddThis Advanced Settings generic via filter on get_the_excerpt --><!-- AddThis Share Buttons generic via filter on get_the_excerpt --><\/p>\n","protected":false},"author":16,"featured_media":0,"comment_status":"open","ping_status":"closed","sticky":false,"template":"","format":"standard","meta":[],"categories":[1],"tags":[],"_links":{"self":[{"href":"https:\/\/blogs.elcomercio.es\/reflexiones-de-belarmino\/wp-json\/wp\/v2\/posts\/24923"}],"collection":[{"href":"https:\/\/blogs.elcomercio.es\/reflexiones-de-belarmino\/wp-json\/wp\/v2\/posts"}],"about":[{"href":"https:\/\/blogs.elcomercio.es\/reflexiones-de-belarmino\/wp-json\/wp\/v2\/types\/post"}],"author":[{"embeddable":true,"href":"https:\/\/blogs.elcomercio.es\/reflexiones-de-belarmino\/wp-json\/wp\/v2\/users\/16"}],"replies":[{"embeddable":true,"href":"https:\/\/blogs.elcomercio.es\/reflexiones-de-belarmino\/wp-json\/wp\/v2\/comments?post=24923"}],"version-history":[{"count":2,"href":"https:\/\/blogs.elcomercio.es\/reflexiones-de-belarmino\/wp-json\/wp\/v2\/posts\/24923\/revisions"}],"predecessor-version":[{"id":24925,"href":"https:\/\/blogs.elcomercio.es\/reflexiones-de-belarmino\/wp-json\/wp\/v2\/posts\/24923\/revisions\/24925"}],"wp:attachment":[{"href":"https:\/\/blogs.elcomercio.es\/reflexiones-de-belarmino\/wp-json\/wp\/v2\/media?parent=24923"}],"wp:term":[{"taxonomy":"category","embeddable":true,"href":"https:\/\/blogs.elcomercio.es\/reflexiones-de-belarmino\/wp-json\/wp\/v2\/categories?post=24923"},{"taxonomy":"post_tag","embeddable":true,"href":"https:\/\/blogs.elcomercio.es\/reflexiones-de-belarmino\/wp-json\/wp\/v2\/tags?post=24923"}],"curies":[{"name":"wp","href":"https:\/\/api.w.org\/{rel}","templated":true}]}}