{"id":24928,"date":"2022-09-02T14:30:27","date_gmt":"2022-09-02T12:30:27","guid":{"rendered":"https:\/\/blogs.elcomercio.es\/reflexiones-de-belarmino\/?p=24928"},"modified":"2022-09-02T14:30:27","modified_gmt":"2022-09-02T12:30:27","slug":"joe-biden-acusa-a-donald-trump-de-querer-romper-la-democracia-en-ee-uu","status":"publish","type":"post","link":"https:\/\/blogs.elcomercio.es\/reflexiones-de-belarmino\/2022\/09\/02\/joe-biden-acusa-a-donald-trump-de-querer-romper-la-democracia-en-ee-uu\/","title":{"rendered":"\u00a1\u00a1\u00a1\u00a1\u00a1 JOE BIDEN ACUSA A DONALD TRUMP DE QUERER ROMPER LA DEMOCRACIA EN EE.UU !!!"},"content":{"rendered":"<p><b>A un mes y 6 d\u00edas del marte 8 de noviembre cuando se celebrar\u00e1n las elecciones que elegir\u00e1n\u00a0a los 435 miembros de la Camara de Representantes,a 35 de los 100 senadores y varios gobernadores, el d\u00eda de hoy, JOE BIDEN ACUS\u00d3 A DONALD TRUMP DE QUERER ACABAR\u00a0CON LA DEMOCRACIA\u00a0EN LOS EE.UU. <\/b><\/p>\n<!-- AddThis Advanced Settings generic via filter on the_content --><!-- AddThis Share Buttons generic via filter on the_content -->","protected":false},"excerpt":{"rendered":"<p>A un mes y 6 d\u00edas del marte 8 de noviembre cuando se celebrar\u00e1n las elecciones que elegir\u00e1n\u00a0a los 435 miembros de la Camara de Representantes,a 35 de los 100 senadores y varios gobernadores, el d\u00eda de hoy, JOE BIDEN ACUS\u00d3 A DONALD TRUMP DE QUERER ACABAR\u00a0CON LA DEMOCRACIA\u00a0EN LOS EE.UU.<!-- AddThis Advanced Settings generic via filter on get_the_excerpt --><!-- AddThis Share Buttons generic via filter on get_the_excerpt --><\/p>\n","protected":false},"author":16,"featured_media":0,"comment_status":"open","ping_status":"closed","sticky":false,"template":"","format":"standard","meta":[],"categories":[1],"tags":[],"_links":{"self":[{"href":"https:\/\/blogs.elcomercio.es\/reflexiones-de-belarmino\/wp-json\/wp\/v2\/posts\/24928"}],"collection":[{"href":"https:\/\/blogs.elcomercio.es\/reflexiones-de-belarmino\/wp-json\/wp\/v2\/posts"}],"about":[{"href":"https:\/\/blogs.elcomercio.es\/reflexiones-de-belarmino\/wp-json\/wp\/v2\/types\/post"}],"author":[{"embeddable":true,"href":"https:\/\/blogs.elcomercio.es\/reflexiones-de-belarmino\/wp-json\/wp\/v2\/users\/16"}],"replies":[{"embeddable":true,"href":"https:\/\/blogs.elcomercio.es\/reflexiones-de-belarmino\/wp-json\/wp\/v2\/comments?post=24928"}],"version-history":[{"count":1,"href":"https:\/\/blogs.elcomercio.es\/reflexiones-de-belarmino\/wp-json\/wp\/v2\/posts\/24928\/revisions"}],"predecessor-version":[{"id":24929,"href":"https:\/\/blogs.elcomercio.es\/reflexiones-de-belarmino\/wp-json\/wp\/v2\/posts\/24928\/revisions\/24929"}],"wp:attachment":[{"href":"https:\/\/blogs.elcomercio.es\/reflexiones-de-belarmino\/wp-json\/wp\/v2\/media?parent=24928"}],"wp:term":[{"taxonomy":"category","embeddable":true,"href":"https:\/\/blogs.elcomercio.es\/reflexiones-de-belarmino\/wp-json\/wp\/v2\/categories?post=24928"},{"taxonomy":"post_tag","embeddable":true,"href":"https:\/\/blogs.elcomercio.es\/reflexiones-de-belarmino\/wp-json\/wp\/v2\/tags?post=24928"}],"curies":[{"name":"wp","href":"https:\/\/api.w.org\/{rel}","templated":true}]}}