{"id":24934,"date":"2022-09-02T15:05:37","date_gmt":"2022-09-02T13:05:37","guid":{"rendered":"https:\/\/blogs.elcomercio.es\/reflexiones-de-belarmino\/?p=24934"},"modified":"2022-09-02T15:05:37","modified_gmt":"2022-09-02T13:05:37","slug":"la-union-europea-ayuda-a-rusia-a-consolidar-en-el-pais-la-critica-a-occidente-pilar-bonet","status":"publish","type":"post","link":"https:\/\/blogs.elcomercio.es\/reflexiones-de-belarmino\/2022\/09\/02\/la-union-europea-ayuda-a-rusia-a-consolidar-en-el-pais-la-critica-a-occidente-pilar-bonet\/","title":{"rendered":"\u00a1\u00a1\u00a1\u00a1&#8221;LA UNION EUROPEA AYUDA A RUSIA A CONSOLIDAR EN EL PA\u00cdS LA CRITICA A OCCIDENTE&#8221;: PILAR BONET !!!"},"content":{"rendered":"<p><strong>Pilar Bonet quiz\u00e1s es la corresponsal en Mosc\u00fa que mejor conoce aquel pa\u00eds. Corresponsal por muchos a\u00f1os de El Pa\u00eds, declar\u00f3 ayer:<\/strong><\/p>\n<p><b>&#8221; LA UNI\u00d3N\u00a0EUROPEA AYUDA A PUTIN A CONSOLIDAR EN RUSIA EL SENTIMIENTO ANTI OCCIDENTAL\u00a0!!.<\/b><\/p>\n<p><b>Putin est\u00e1 m\u00e1s fuerte\u00a0que hace 4 meses. Garantiz\u00f3 sus fronteras hist\u00f3ricas en el Donbass, recuper\u00f3\u00a0Primea, tiene el Mar de Azov, parte del sur de Ucrania y Zaporiyia. Es m\u00e1s fuerte en cuanto a su territorio.<\/b><\/p>\n<p><strong>A pesar de las sanciones, Rusia ha encontrado en el resto del mundo su equilibrio economico y hoy realiza en Vostok, maniobrasm militares con China y la India y otros paises.<\/strong><\/p>\n<p><b>El pueblo ruso, ante la intervenci\u00f3n\u00a0de 45 paises entregando materiales de guerra y asesores a Zelensi, ha cerrado filas alrededor de Putin y de la Madre Rusia.<\/b><\/p>\n<p><strong>Los muertos, heridos y desplazados son europeos, y es Europa la que est\u00e1 pagando la guerra. Estados Unidos, impulsa, da dinero, logra que Europa, por fin, pague su defensa y se lleva el\u00a0 negocio del gas.<\/strong><\/p>\n<p><b>Salvo en Europa,\u00a0 en Asia,\u00a0 en Am\u00e9rica\u00a0Latina , en Africa nadie ha criticado a Rusia, por que todos han vivido antes lo que son los Estados Unidos, los que no tienen amigos, sino s\u00f3lo intereses, y si no que le pregunten a Maduro.<\/b><\/p>\n<p><strong>Han faltado lideres de altura en Europa.<\/strong><\/p>\n<p>&nbsp;<\/p>\n<p>&nbsp;<\/p>\n<!-- AddThis Advanced Settings generic via filter on the_content --><!-- AddThis Share Buttons generic via filter on the_content -->","protected":false},"excerpt":{"rendered":"<p>Pilar Bonet quiz\u00e1s es la corresponsal en Mosc\u00fa que mejor conoce aquel pa\u00eds. Corresponsal por muchos a\u00f1os de El Pa\u00eds, declar\u00f3 ayer: &#8221; LA UNI\u00d3N\u00a0EUROPEA AYUDA A PUTIN A CONSOLIDAR EN RUSIA EL SENTIMIENTO ANTI OCCIDENTAL\u00a0!!. Putin est\u00e1 m\u00e1s fuerte\u00a0que hace 4 meses. Garantiz\u00f3 sus fronteras hist\u00f3ricas en el Donbass, recuper\u00f3\u00a0Primea, tiene el Mar de [&hellip;]<!-- AddThis Advanced Settings generic via filter on get_the_excerpt --><!-- AddThis Share Buttons generic via filter on get_the_excerpt --><\/p>\n","protected":false},"author":16,"featured_media":0,"comment_status":"open","ping_status":"closed","sticky":false,"template":"","format":"standard","meta":[],"categories":[1],"tags":[],"_links":{"self":[{"href":"https:\/\/blogs.elcomercio.es\/reflexiones-de-belarmino\/wp-json\/wp\/v2\/posts\/24934"}],"collection":[{"href":"https:\/\/blogs.elcomercio.es\/reflexiones-de-belarmino\/wp-json\/wp\/v2\/posts"}],"about":[{"href":"https:\/\/blogs.elcomercio.es\/reflexiones-de-belarmino\/wp-json\/wp\/v2\/types\/post"}],"author":[{"embeddable":true,"href":"https:\/\/blogs.elcomercio.es\/reflexiones-de-belarmino\/wp-json\/wp\/v2\/users\/16"}],"replies":[{"embeddable":true,"href":"https:\/\/blogs.elcomercio.es\/reflexiones-de-belarmino\/wp-json\/wp\/v2\/comments?post=24934"}],"version-history":[{"count":1,"href":"https:\/\/blogs.elcomercio.es\/reflexiones-de-belarmino\/wp-json\/wp\/v2\/posts\/24934\/revisions"}],"predecessor-version":[{"id":24935,"href":"https:\/\/blogs.elcomercio.es\/reflexiones-de-belarmino\/wp-json\/wp\/v2\/posts\/24934\/revisions\/24935"}],"wp:attachment":[{"href":"https:\/\/blogs.elcomercio.es\/reflexiones-de-belarmino\/wp-json\/wp\/v2\/media?parent=24934"}],"wp:term":[{"taxonomy":"category","embeddable":true,"href":"https:\/\/blogs.elcomercio.es\/reflexiones-de-belarmino\/wp-json\/wp\/v2\/categories?post=24934"},{"taxonomy":"post_tag","embeddable":true,"href":"https:\/\/blogs.elcomercio.es\/reflexiones-de-belarmino\/wp-json\/wp\/v2\/tags?post=24934"}],"curies":[{"name":"wp","href":"https:\/\/api.w.org\/{rel}","templated":true}]}}