{"id":24943,"date":"2022-09-03T09:51:43","date_gmt":"2022-09-03T07:51:43","guid":{"rendered":"https:\/\/blogs.elcomercio.es\/reflexiones-de-belarmino\/?p=24943"},"modified":"2022-09-03T09:51:43","modified_gmt":"2022-09-03T07:51:43","slug":"desde-filadelfia-cuna-de-la-independencia-biden-llama-a-defender-la-democracia-que-peligra","status":"publish","type":"post","link":"https:\/\/blogs.elcomercio.es\/reflexiones-de-belarmino\/2022\/09\/03\/desde-filadelfia-cuna-de-la-independencia-biden-llama-a-defender-la-democracia-que-peligra\/","title":{"rendered":"\u00a1\u00a1DESDE FILADELFIA, CUNA DE LA INDEPENDENCIA, BIDEN LLAMA A DEFENDER LA DEMOCRACIA, QUE PELIGRA !!!"},"content":{"rendered":"<p><b>Desde el coraz\u00f3n\u00a0del origen de los Estados Unidos, Filadelfia, donde se firmaron la Independencia y la Constituci\u00f3n, en tiempo de m\u00e1xima audiencia\u00a0a nivel\u00a0nacional, el presidente Biden ha dicho anteayer:<\/b><\/p>\n<p><em><b>&#8220;DURANTE MUCHO TIEMPO CRE\u00cdMOS\u00a0QUE LA DEMOCRACIA EN ESTADOS UNIDOS ESTABA GARANTIZADA. PERO, NO LO EST\u00c1.<\/b><\/em><\/p>\n<p><em><b>LLAMO A TODA LA NACI\u00d3N\u00a0PARA DEFENDERLA, P<\/b><\/em><em><b>ROTEGERLA Y PONERNOS DE PIE.<\/b><\/em><\/p>\n<p><em><b>HAY QUIENES QUIEREN ACABAR CON ELLA, TRUMP ENCABEZA LA RUPTURA Y NO RESPETA NI LA CONSTITUCI\u00d3N\u00a0NI LA VOLUNTAD DEL PUEBLO.&#8221;.<\/b><\/em><\/p>\n<p><b>De ese tama\u00f1o est\u00e1 la situaci\u00f3n en los Estados Unidos cuando se teme el triunfo de Trump y los Republicanos\u00a0el martes 8 de noviembre.<\/b><\/p>\n<!-- AddThis Advanced Settings generic via filter on the_content --><!-- AddThis Share Buttons generic via filter on the_content -->","protected":false},"excerpt":{"rendered":"<p>Desde el coraz\u00f3n\u00a0del origen de los Estados Unidos, Filadelfia, donde se firmaron la Independencia y la Constituci\u00f3n, en tiempo de m\u00e1xima audiencia\u00a0a nivel\u00a0nacional, el presidente Biden ha dicho anteayer: &#8220;DURANTE MUCHO TIEMPO CRE\u00cdMOS\u00a0QUE LA DEMOCRACIA EN ESTADOS UNIDOS ESTABA GARANTIZADA. PERO, NO LO EST\u00c1. LLAMO A TODA LA NACI\u00d3N\u00a0PARA DEFENDERLA, PROTEGERLA Y PONERNOS DE PIE. [&hellip;]<!-- AddThis Advanced Settings generic via filter on get_the_excerpt --><!-- AddThis Share Buttons generic via filter on get_the_excerpt --><\/p>\n","protected":false},"author":16,"featured_media":0,"comment_status":"open","ping_status":"closed","sticky":false,"template":"","format":"standard","meta":[],"categories":[1],"tags":[],"_links":{"self":[{"href":"https:\/\/blogs.elcomercio.es\/reflexiones-de-belarmino\/wp-json\/wp\/v2\/posts\/24943"}],"collection":[{"href":"https:\/\/blogs.elcomercio.es\/reflexiones-de-belarmino\/wp-json\/wp\/v2\/posts"}],"about":[{"href":"https:\/\/blogs.elcomercio.es\/reflexiones-de-belarmino\/wp-json\/wp\/v2\/types\/post"}],"author":[{"embeddable":true,"href":"https:\/\/blogs.elcomercio.es\/reflexiones-de-belarmino\/wp-json\/wp\/v2\/users\/16"}],"replies":[{"embeddable":true,"href":"https:\/\/blogs.elcomercio.es\/reflexiones-de-belarmino\/wp-json\/wp\/v2\/comments?post=24943"}],"version-history":[{"count":2,"href":"https:\/\/blogs.elcomercio.es\/reflexiones-de-belarmino\/wp-json\/wp\/v2\/posts\/24943\/revisions"}],"predecessor-version":[{"id":24945,"href":"https:\/\/blogs.elcomercio.es\/reflexiones-de-belarmino\/wp-json\/wp\/v2\/posts\/24943\/revisions\/24945"}],"wp:attachment":[{"href":"https:\/\/blogs.elcomercio.es\/reflexiones-de-belarmino\/wp-json\/wp\/v2\/media?parent=24943"}],"wp:term":[{"taxonomy":"category","embeddable":true,"href":"https:\/\/blogs.elcomercio.es\/reflexiones-de-belarmino\/wp-json\/wp\/v2\/categories?post=24943"},{"taxonomy":"post_tag","embeddable":true,"href":"https:\/\/blogs.elcomercio.es\/reflexiones-de-belarmino\/wp-json\/wp\/v2\/tags?post=24943"}],"curies":[{"name":"wp","href":"https:\/\/api.w.org\/{rel}","templated":true}]}}