{"id":24946,"date":"2022-09-03T10:48:55","date_gmt":"2022-09-03T08:48:55","guid":{"rendered":"https:\/\/blogs.elcomercio.es\/reflexiones-de-belarmino\/?p=24946"},"modified":"2022-09-03T10:48:55","modified_gmt":"2022-09-03T08:48:55","slug":"tras-asturias-arcelor-mitall-anuncia-de-cierres-en-alemania-y-francia","status":"publish","type":"post","link":"https:\/\/blogs.elcomercio.es\/reflexiones-de-belarmino\/2022\/09\/03\/tras-asturias-arcelor-mitall-anuncia-de-cierres-en-alemania-y-francia\/","title":{"rendered":"\u00a1\u00a1\u00a1\u00a1\u00a1\u00a1 TRAS ASTURIAS, ARCELOR MITALL ANUNCIA DE CIERRES EN ALEMANIA Y FRANCIA !!!"},"content":{"rendered":"<p><b>&#8220;Principado y empresarios urgen medidas ante la parada del horno alto de Arcelor Mitall&#8221; titula El Comercio y &#8221; La factor\u00eda\u00a0de Avil\u00e9s ser\u00e1 la m\u00e1s afectada por la parada del horno gijon\u00e9s de Arcelor&#8221; titula la Nueva Espa\u00f1a de Gij\u00f3n.<\/b><\/p>\n<p><strong>Cierran tambi\u00e9n instalaciones en Alemania y Francia.<\/strong><\/p>\n<p><strong>Barb\u00f3n insta a Europa a moverse.<\/strong><\/p>\n<p><b>India, es India, y por algo se estima que para 2028, ser\u00e1\u00a0la tercera potencia mundial tras China y los Estados Unidos.<\/b><\/p>\n<p>&nbsp;<\/p>\n<!-- AddThis Advanced Settings generic via filter on the_content --><!-- AddThis Share Buttons generic via filter on the_content -->","protected":false},"excerpt":{"rendered":"<p>&#8220;Principado y empresarios urgen medidas ante la parada del horno alto de Arcelor Mitall&#8221; titula El Comercio y &#8221; La factor\u00eda\u00a0de Avil\u00e9s ser\u00e1 la m\u00e1s afectada por la parada del horno gijon\u00e9s de Arcelor&#8221; titula la Nueva Espa\u00f1a de Gij\u00f3n. Cierran tambi\u00e9n instalaciones en Alemania y Francia. Barb\u00f3n insta a Europa a moverse. India, es [&hellip;]<!-- AddThis Advanced Settings generic via filter on get_the_excerpt --><!-- AddThis Share Buttons generic via filter on get_the_excerpt --><\/p>\n","protected":false},"author":16,"featured_media":0,"comment_status":"open","ping_status":"closed","sticky":false,"template":"","format":"standard","meta":[],"categories":[1],"tags":[],"_links":{"self":[{"href":"https:\/\/blogs.elcomercio.es\/reflexiones-de-belarmino\/wp-json\/wp\/v2\/posts\/24946"}],"collection":[{"href":"https:\/\/blogs.elcomercio.es\/reflexiones-de-belarmino\/wp-json\/wp\/v2\/posts"}],"about":[{"href":"https:\/\/blogs.elcomercio.es\/reflexiones-de-belarmino\/wp-json\/wp\/v2\/types\/post"}],"author":[{"embeddable":true,"href":"https:\/\/blogs.elcomercio.es\/reflexiones-de-belarmino\/wp-json\/wp\/v2\/users\/16"}],"replies":[{"embeddable":true,"href":"https:\/\/blogs.elcomercio.es\/reflexiones-de-belarmino\/wp-json\/wp\/v2\/comments?post=24946"}],"version-history":[{"count":1,"href":"https:\/\/blogs.elcomercio.es\/reflexiones-de-belarmino\/wp-json\/wp\/v2\/posts\/24946\/revisions"}],"predecessor-version":[{"id":24947,"href":"https:\/\/blogs.elcomercio.es\/reflexiones-de-belarmino\/wp-json\/wp\/v2\/posts\/24946\/revisions\/24947"}],"wp:attachment":[{"href":"https:\/\/blogs.elcomercio.es\/reflexiones-de-belarmino\/wp-json\/wp\/v2\/media?parent=24946"}],"wp:term":[{"taxonomy":"category","embeddable":true,"href":"https:\/\/blogs.elcomercio.es\/reflexiones-de-belarmino\/wp-json\/wp\/v2\/categories?post=24946"},{"taxonomy":"post_tag","embeddable":true,"href":"https:\/\/blogs.elcomercio.es\/reflexiones-de-belarmino\/wp-json\/wp\/v2\/tags?post=24946"}],"curies":[{"name":"wp","href":"https:\/\/api.w.org\/{rel}","templated":true}]}}