{"id":24948,"date":"2022-09-03T10:53:12","date_gmt":"2022-09-03T08:53:12","guid":{"rendered":"https:\/\/blogs.elcomercio.es\/reflexiones-de-belarmino\/?p=24948"},"modified":"2022-09-03T10:53:12","modified_gmt":"2022-09-03T08:53:12","slug":"el-gobierno-de-ucrania-recomienda-la-evacuacion-del-este-y-el-sur-antes-que-llegue-el-frio","status":"publish","type":"post","link":"https:\/\/blogs.elcomercio.es\/reflexiones-de-belarmino\/2022\/09\/03\/el-gobierno-de-ucrania-recomienda-la-evacuacion-del-este-y-el-sur-antes-que-llegue-el-frio\/","title":{"rendered":"\u00a1\u00a1\u00a1\u00a1 EL GOBIERNO DE UCRANIA RECOMIENDA LA EVACUACI\u00d3N DEL ESTE Y EL SUR ANTES QUE LLEGUE  EL FRI\u00d3 !!!"},"content":{"rendered":"<p><b>Ayer el gobierno de Ucrania, recomend\u00f3\u00a0a sus ciudadanos evacuar\u00a0el Este y el Sur del pa\u00eds antes de que llegue el fr\u00edo.<\/b><\/p>\n<!-- AddThis Advanced Settings generic via filter on the_content --><!-- AddThis Share Buttons generic via filter on the_content -->","protected":false},"excerpt":{"rendered":"<p>Ayer el gobierno de Ucrania, recomend\u00f3\u00a0a sus ciudadanos evacuar\u00a0el Este y el Sur del pa\u00eds antes de que llegue el fr\u00edo.<!-- AddThis Advanced Settings generic via filter on get_the_excerpt --><!-- AddThis Share Buttons generic via filter on get_the_excerpt --><\/p>\n","protected":false},"author":16,"featured_media":0,"comment_status":"open","ping_status":"closed","sticky":false,"template":"","format":"standard","meta":[],"categories":[1],"tags":[],"_links":{"self":[{"href":"https:\/\/blogs.elcomercio.es\/reflexiones-de-belarmino\/wp-json\/wp\/v2\/posts\/24948"}],"collection":[{"href":"https:\/\/blogs.elcomercio.es\/reflexiones-de-belarmino\/wp-json\/wp\/v2\/posts"}],"about":[{"href":"https:\/\/blogs.elcomercio.es\/reflexiones-de-belarmino\/wp-json\/wp\/v2\/types\/post"}],"author":[{"embeddable":true,"href":"https:\/\/blogs.elcomercio.es\/reflexiones-de-belarmino\/wp-json\/wp\/v2\/users\/16"}],"replies":[{"embeddable":true,"href":"https:\/\/blogs.elcomercio.es\/reflexiones-de-belarmino\/wp-json\/wp\/v2\/comments?post=24948"}],"version-history":[{"count":1,"href":"https:\/\/blogs.elcomercio.es\/reflexiones-de-belarmino\/wp-json\/wp\/v2\/posts\/24948\/revisions"}],"predecessor-version":[{"id":24949,"href":"https:\/\/blogs.elcomercio.es\/reflexiones-de-belarmino\/wp-json\/wp\/v2\/posts\/24948\/revisions\/24949"}],"wp:attachment":[{"href":"https:\/\/blogs.elcomercio.es\/reflexiones-de-belarmino\/wp-json\/wp\/v2\/media?parent=24948"}],"wp:term":[{"taxonomy":"category","embeddable":true,"href":"https:\/\/blogs.elcomercio.es\/reflexiones-de-belarmino\/wp-json\/wp\/v2\/categories?post=24948"},{"taxonomy":"post_tag","embeddable":true,"href":"https:\/\/blogs.elcomercio.es\/reflexiones-de-belarmino\/wp-json\/wp\/v2\/tags?post=24948"}],"curies":[{"name":"wp","href":"https:\/\/api.w.org\/{rel}","templated":true}]}}