{"id":24952,"date":"2022-09-03T11:16:11","date_gmt":"2022-09-03T09:16:11","guid":{"rendered":"https:\/\/blogs.elcomercio.es\/reflexiones-de-belarmino\/?p=24952"},"modified":"2022-09-03T11:16:11","modified_gmt":"2022-09-03T09:16:11","slug":"trump-tenia-en-su-mansion-48-carpetas-clasificadas-vacias","status":"publish","type":"post","link":"https:\/\/blogs.elcomercio.es\/reflexiones-de-belarmino\/2022\/09\/03\/trump-tenia-en-su-mansion-48-carpetas-clasificadas-vacias\/","title":{"rendered":"\u00a1\u00a1\u00a1\u00a1\u00a1TRUMP TEN\u00cdA EN SU MANSI\u00d3N 48 CARPETAS CLASIFICADAS&#8230;..VAC\u00cdAS !!!!"},"content":{"rendered":"<p><b>Cada d\u00eda se va confirmando\u00a0que Donald Trump va en busca del ABORDAJE ,POR LA BUENA O POR LA MALA, del gobierno de Estados Unidos en 2024. Biden bien lo sab\u00eda cuando hizo un llamado a la naci\u00f3n desde Filadelfia anteayer\u00a0 avisando al pueblo\u00a0de Estados Unidos del riesgo,\u00a0 pero detalles como este lo confirman.\u00a0<\/b><\/p>\n<p><b>\u00bf Por qu\u00e9 sac\u00f3 las 22 cajas\u00a0de documentos clasificadas\u00a0de la Casa Blanca?, y ahora \u00bf POR QUE EST\u00c1N\u00a0VAC\u00cdAS\u00a0LAS 48 CARPETAS DE\u00a0 DOCUMENTOS CLASIFICADOS?, \u00bf DONDE LOS GUARDA\u00a0Y PARA\u00a0QUE ?.<\/b><\/p>\n<!-- AddThis Advanced Settings generic via filter on the_content --><!-- AddThis Share Buttons generic via filter on the_content -->","protected":false},"excerpt":{"rendered":"<p>Cada d\u00eda se va confirmando\u00a0que Donald Trump va en busca del ABORDAJE ,POR LA BUENA O POR LA MALA, del gobierno de Estados Unidos en 2024. Biden bien lo sab\u00eda cuando hizo un llamado a la naci\u00f3n desde Filadelfia anteayer\u00a0 avisando al pueblo\u00a0de Estados Unidos del riesgo,\u00a0 pero detalles como este lo confirman.\u00a0 \u00bf Por [&hellip;]<!-- AddThis Advanced Settings generic via filter on get_the_excerpt --><!-- AddThis Share Buttons generic via filter on get_the_excerpt --><\/p>\n","protected":false},"author":16,"featured_media":0,"comment_status":"open","ping_status":"closed","sticky":false,"template":"","format":"standard","meta":[],"categories":[1],"tags":[],"_links":{"self":[{"href":"https:\/\/blogs.elcomercio.es\/reflexiones-de-belarmino\/wp-json\/wp\/v2\/posts\/24952"}],"collection":[{"href":"https:\/\/blogs.elcomercio.es\/reflexiones-de-belarmino\/wp-json\/wp\/v2\/posts"}],"about":[{"href":"https:\/\/blogs.elcomercio.es\/reflexiones-de-belarmino\/wp-json\/wp\/v2\/types\/post"}],"author":[{"embeddable":true,"href":"https:\/\/blogs.elcomercio.es\/reflexiones-de-belarmino\/wp-json\/wp\/v2\/users\/16"}],"replies":[{"embeddable":true,"href":"https:\/\/blogs.elcomercio.es\/reflexiones-de-belarmino\/wp-json\/wp\/v2\/comments?post=24952"}],"version-history":[{"count":2,"href":"https:\/\/blogs.elcomercio.es\/reflexiones-de-belarmino\/wp-json\/wp\/v2\/posts\/24952\/revisions"}],"predecessor-version":[{"id":24954,"href":"https:\/\/blogs.elcomercio.es\/reflexiones-de-belarmino\/wp-json\/wp\/v2\/posts\/24952\/revisions\/24954"}],"wp:attachment":[{"href":"https:\/\/blogs.elcomercio.es\/reflexiones-de-belarmino\/wp-json\/wp\/v2\/media?parent=24952"}],"wp:term":[{"taxonomy":"category","embeddable":true,"href":"https:\/\/blogs.elcomercio.es\/reflexiones-de-belarmino\/wp-json\/wp\/v2\/categories?post=24952"},{"taxonomy":"post_tag","embeddable":true,"href":"https:\/\/blogs.elcomercio.es\/reflexiones-de-belarmino\/wp-json\/wp\/v2\/tags?post=24952"}],"curies":[{"name":"wp","href":"https:\/\/api.w.org\/{rel}","templated":true}]}}