{"id":24955,"date":"2022-09-03T11:25:21","date_gmt":"2022-09-03T09:25:21","guid":{"rendered":"https:\/\/blogs.elcomercio.es\/reflexiones-de-belarmino\/?p=24955"},"modified":"2022-09-03T11:25:21","modified_gmt":"2022-09-03T09:25:21","slug":"8-columnas-de-el-pais-putin-cierra-el-grifo-del-gas-a-europa-hasta-nuevo-aviso","status":"publish","type":"post","link":"https:\/\/blogs.elcomercio.es\/reflexiones-de-belarmino\/2022\/09\/03\/8-columnas-de-el-pais-putin-cierra-el-grifo-del-gas-a-europa-hasta-nuevo-aviso\/","title":{"rendered":"\u00a1\u00a1\u00a1\u00a18 COLUMNAS DE EL PA\u00cdS: &#8220;PUTIN CIERRA EL GRIFO DEL GAS A EUROPA HASTA NUEVO AVISO &#8220;!!!"},"content":{"rendered":"<p><b>La respuesta al G7 que coment\u00e1bamos\u00a0ayer de no pagar m\u00e1s alto el gas ruso, hab\u00eda tenido la respuesta\u00a0primera de Putin:&#8221; Si lo hacen, dejaremos de surtir gas a Europa&#8221;.<\/b><\/p>\n<p><strong>Cumpli\u00f3 el G7, cumpli\u00f3 Putin, pero hay otra declaraci\u00f3n de \u00e9l que no se recoge.<\/strong><\/p>\n<p><strong>&#8220;SI EL 67 LO HACE, PONDREMOS DE CABEZA, NO AL GAS,\u00a0 SINO AL PETROLEO A NIVEL MUNDIAL&#8221;<\/strong><\/p>\n<p><strong>Va subir el petroleo, ayer situado por encima de los 90. Lo desea Rusia, Iran, la OPEP, Venezuela y&#8230;los Estados Unidos, cuyo m\u00e9todo de fracturar el sue\u00f1o, altamente contaminante le resulta s\u00f3lo con precios altos del petroleo.<\/strong><\/p>\n<p>&nbsp;<\/p>\n<!-- AddThis Advanced Settings generic via filter on the_content --><!-- AddThis Share Buttons generic via filter on the_content -->","protected":false},"excerpt":{"rendered":"<p>La respuesta al G7 que coment\u00e1bamos\u00a0ayer de no pagar m\u00e1s alto el gas ruso, hab\u00eda tenido la respuesta\u00a0primera de Putin:&#8221; Si lo hacen, dejaremos de surtir gas a Europa&#8221;. Cumpli\u00f3 el G7, cumpli\u00f3 Putin, pero hay otra declaraci\u00f3n de \u00e9l que no se recoge. &#8220;SI EL 67 LO HACE, PONDREMOS DE CABEZA, NO AL GAS,\u00a0 [&hellip;]<!-- AddThis Advanced Settings generic via filter on get_the_excerpt --><!-- AddThis Share Buttons generic via filter on get_the_excerpt --><\/p>\n","protected":false},"author":16,"featured_media":0,"comment_status":"open","ping_status":"closed","sticky":false,"template":"","format":"standard","meta":[],"categories":[1],"tags":[],"_links":{"self":[{"href":"https:\/\/blogs.elcomercio.es\/reflexiones-de-belarmino\/wp-json\/wp\/v2\/posts\/24955"}],"collection":[{"href":"https:\/\/blogs.elcomercio.es\/reflexiones-de-belarmino\/wp-json\/wp\/v2\/posts"}],"about":[{"href":"https:\/\/blogs.elcomercio.es\/reflexiones-de-belarmino\/wp-json\/wp\/v2\/types\/post"}],"author":[{"embeddable":true,"href":"https:\/\/blogs.elcomercio.es\/reflexiones-de-belarmino\/wp-json\/wp\/v2\/users\/16"}],"replies":[{"embeddable":true,"href":"https:\/\/blogs.elcomercio.es\/reflexiones-de-belarmino\/wp-json\/wp\/v2\/comments?post=24955"}],"version-history":[{"count":1,"href":"https:\/\/blogs.elcomercio.es\/reflexiones-de-belarmino\/wp-json\/wp\/v2\/posts\/24955\/revisions"}],"predecessor-version":[{"id":24956,"href":"https:\/\/blogs.elcomercio.es\/reflexiones-de-belarmino\/wp-json\/wp\/v2\/posts\/24955\/revisions\/24956"}],"wp:attachment":[{"href":"https:\/\/blogs.elcomercio.es\/reflexiones-de-belarmino\/wp-json\/wp\/v2\/media?parent=24955"}],"wp:term":[{"taxonomy":"category","embeddable":true,"href":"https:\/\/blogs.elcomercio.es\/reflexiones-de-belarmino\/wp-json\/wp\/v2\/categories?post=24955"},{"taxonomy":"post_tag","embeddable":true,"href":"https:\/\/blogs.elcomercio.es\/reflexiones-de-belarmino\/wp-json\/wp\/v2\/tags?post=24955"}],"curies":[{"name":"wp","href":"https:\/\/api.w.org\/{rel}","templated":true}]}}