{"id":24957,"date":"2022-09-03T11:56:00","date_gmt":"2022-09-03T09:56:00","guid":{"rendered":"https:\/\/blogs.elcomercio.es\/reflexiones-de-belarmino\/?p=24957"},"modified":"2022-09-03T11:56:00","modified_gmt":"2022-09-03T09:56:00","slug":"letizia-reina-y-poder-el-regano-de-felipe-vi-a-ella-a-leonor-y-a-sofia","status":"publish","type":"post","link":"https:\/\/blogs.elcomercio.es\/reflexiones-de-belarmino\/2022\/09\/03\/letizia-reina-y-poder-el-regano-de-felipe-vi-a-ella-a-leonor-y-a-sofia\/","title":{"rendered":"\u00a1\u00a1\u00a1\u00a1LETIZIA, REINA Y PODER. EL REGA\u00d1O DE FELIPE VI A ELLA , A LEONOR Y A SOFIA !!!"},"content":{"rendered":"<p><b>Fina, suave con car\u00e1cter\u00a0Letizia, reina de Espa\u00f1a, es una persona de gran poder en Espa\u00f1a y lo ha demostrado a sus 50 a\u00f1os.<\/b><\/p>\n<p><b>A ella, se debe la ruptura de su marido con el resto de la familia de Juan Carlos I.a\u00a0 negativa a que su hijo se casase con una plebeya, que llev\u00f3 al entonces Principe de Asturias a dejar plantado\u00a0el Desfile\u00a0de la Pascua Militar a irse a Nueva York, se la cobr\u00f3 con creces la actual reina\u00a0de Espa\u00f1a y madre de Leonor.<\/b><\/p>\n<p><b>Ya se dibujaba su car\u00e1cter\u00a0aquel d\u00eda en Marivent donde buscaba la familia darle una salida\u00a0a Undargar\u00edn, que la llev\u00f3 a irse s\u00f3la de Mallorca y regresar a Madrid. Ella sab\u00eda bien que UNdargar\u00edn, entr\u00f3 en la corrupci\u00f3n, el d\u00eda que Juan Carlos I, le critico en Zarzuela, :&#8221;\u00bfComo tienes a mi hija viviendo en esa casa&#8221;?, lo que llev\u00f3 a Undargarin a oir las voces de sirena: &#8221; Eres, tonto. Esposa de una infanta, y viendo lo que hace tu suegro, est\u00e1s as\u00ed por que quieres&#8221;.<\/b><\/p>\n<p><strong>Y Undargar\u00edn compr\u00f3 Pe\u00f1albes y empez\u00f3 el proceso de la Noos, con la complicidad de la esposa.<\/strong><\/p>\n<p><strong>Y poco a poco, fue separando al resto de la familia del marido, que ten\u00eda a su salo dos mujeres,la reina Sofia y Letizia, pero la que dorm\u00eda con \u00e9l era Letizia.<\/strong><\/p>\n<p><strong>La foto, donde se puso ante las hijas para que no se tomase Sofia la foto con sus hijas, era un mensaje: Mi hija futura reina de Espa\u00f1a no tiene nada que ver con el resto de la familia.<\/strong><\/p>\n<p><strong>Intima amiga de la esposa de Pedro S\u00e1nchez y compa\u00f1era de estudios de \u00e9l, han hecho una mancuerna, que ha llevado a toda la derecha a insistir: &#8221; Fuera Sanchez&#8221;. Ellos saben lo que pasa.<\/strong><\/p>\n<p><b>Cuando Letizia sorprend\u00eda a sus 50 a\u00f1os y se iba conociendo otras faceta, como aquella de que estando en un supermercado cerca de Zarzuela, una vecina, le dijo &#8221; Y tu, \u00bf que haces aqu\u00ed?&#8221;, le respondi\u00f3: &#8221; Pues lo mismo que tu, comprando tomates &#8220;..<\/b><\/p>\n<p><strong>El d\u00eda de sus 50 a\u00f1os, TV5 saca un reportaje demoledor sobre Cristina y sus problemas con Undargar\u00edn.<\/strong><\/p>\n<p><b>Ayer vimos en HuffingtonPost, las imagenes, creo que 6, del enojo de Felipe VI con su hija Leonor, con Letizia, ante el disgusto\u00a0de su hija Sofia.<\/b><\/p>\n<p><b>Parece que fue en Asturias, por que detr\u00e1s\u00a0 se va a Barbon. En la primera, Felipe VI, viendo que se adelantaban la reina y sus hijas, con las manos parece decir:&#8221;calma, a donde vais&#8221;, a continuaci\u00f3n, reprime a las tres, principalmente a Leonor(posiblemente dici\u00e9ndole. Leonor, el rey soy yo,),Ante la tensi\u00f3n se ve a Sofia cruzarse y agarrar\u00a0el brazo del padre para parar la tensi\u00f3n, y luego se acercan los 4 y Leonor lo reta a los ojos..<\/b><\/p>\n<p><strong>Finalmente Leonor, se acerca le agarra el brazo mientras el le dice algo a Letizia.<\/strong><\/p>\n<p><b>&#8221; La hija de un taxista&#8221; como la llama despectivamente\u00a0Pe\u00f1afiel, que dej\u00f3 de comer\u00a0de la Casa Real, ha mostrado car\u00e1cter\u00a0y que para ella no hay nada m\u00e1s importante\u00a0que sacar a Leonor, reina de Espa\u00f1a no debe de ser subestimada.<\/b><\/p>\n<p>&nbsp;<\/p>\n<p>&nbsp;<\/p>\n<p>&nbsp;<\/p>\n<p>&nbsp;<\/p>\n<!-- AddThis Advanced Settings generic via filter on the_content --><!-- AddThis Share Buttons generic via filter on the_content -->","protected":false},"excerpt":{"rendered":"<p>Fina, suave con car\u00e1cter\u00a0Letizia, reina de Espa\u00f1a, es una persona de gran poder en Espa\u00f1a y lo ha demostrado a sus 50 a\u00f1os. A ella, se debe la ruptura de su marido con el resto de la familia de Juan Carlos I.a\u00a0 negativa a que su hijo se casase con una plebeya, que llev\u00f3 al [&hellip;]<!-- AddThis Advanced Settings generic via filter on get_the_excerpt --><!-- AddThis Share Buttons generic via filter on get_the_excerpt --><\/p>\n","protected":false},"author":16,"featured_media":0,"comment_status":"open","ping_status":"closed","sticky":false,"template":"","format":"standard","meta":[],"categories":[1],"tags":[],"_links":{"self":[{"href":"https:\/\/blogs.elcomercio.es\/reflexiones-de-belarmino\/wp-json\/wp\/v2\/posts\/24957"}],"collection":[{"href":"https:\/\/blogs.elcomercio.es\/reflexiones-de-belarmino\/wp-json\/wp\/v2\/posts"}],"about":[{"href":"https:\/\/blogs.elcomercio.es\/reflexiones-de-belarmino\/wp-json\/wp\/v2\/types\/post"}],"author":[{"embeddable":true,"href":"https:\/\/blogs.elcomercio.es\/reflexiones-de-belarmino\/wp-json\/wp\/v2\/users\/16"}],"replies":[{"embeddable":true,"href":"https:\/\/blogs.elcomercio.es\/reflexiones-de-belarmino\/wp-json\/wp\/v2\/comments?post=24957"}],"version-history":[{"count":2,"href":"https:\/\/blogs.elcomercio.es\/reflexiones-de-belarmino\/wp-json\/wp\/v2\/posts\/24957\/revisions"}],"predecessor-version":[{"id":24959,"href":"https:\/\/blogs.elcomercio.es\/reflexiones-de-belarmino\/wp-json\/wp\/v2\/posts\/24957\/revisions\/24959"}],"wp:attachment":[{"href":"https:\/\/blogs.elcomercio.es\/reflexiones-de-belarmino\/wp-json\/wp\/v2\/media?parent=24957"}],"wp:term":[{"taxonomy":"category","embeddable":true,"href":"https:\/\/blogs.elcomercio.es\/reflexiones-de-belarmino\/wp-json\/wp\/v2\/categories?post=24957"},{"taxonomy":"post_tag","embeddable":true,"href":"https:\/\/blogs.elcomercio.es\/reflexiones-de-belarmino\/wp-json\/wp\/v2\/tags?post=24957"}],"curies":[{"name":"wp","href":"https:\/\/api.w.org\/{rel}","templated":true}]}}