{"id":24960,"date":"2022-09-03T12:06:16","date_gmt":"2022-09-03T10:06:16","guid":{"rendered":"https:\/\/blogs.elcomercio.es\/reflexiones-de-belarmino\/?p=24960"},"modified":"2022-09-03T12:07:05","modified_gmt":"2022-09-03T10:07:05","slug":"el-brent-sube-en-un-dia-de-93-98-a-98-81-dolares-barril-e-ira-al-alza","status":"publish","type":"post","link":"https:\/\/blogs.elcomercio.es\/reflexiones-de-belarmino\/2022\/09\/03\/el-brent-sube-en-un-dia-de-93-98-a-98-81-dolares-barril-e-ira-al-alza\/","title":{"rendered":"\u00a1\u00a1\u00a1\u00a1\u00a1EL BRENT SUBE EN UN D\u00cdA DE 93.98 A 98.81 DOLARES\/BARRIL, E IR\u00c1 AL ALZA &#8220;&#8221;"},"content":{"rendered":"<p><strong>Los que leen entre l\u00edneas entendieron las palabras de Putin. En un viernes a s\u00e1bado subi\u00f3 el petroleo que hab\u00eda estado cayendo de 93.98 a 98.81 dolares por barril, el Brent.<\/strong><\/p>\n<p><strong>Estimamos que seguir\u00e1 el primer aumento de otros que vendr\u00e1n, y todo el G7, menos Estados Unidos que le interesa va a ser afectados.<\/strong><\/p>\n<!-- AddThis Advanced Settings generic via filter on the_content --><!-- AddThis Share Buttons generic via filter on the_content -->","protected":false},"excerpt":{"rendered":"<p>Los que leen entre l\u00edneas entendieron las palabras de Putin. En un viernes a s\u00e1bado subi\u00f3 el petroleo que hab\u00eda estado cayendo de 93.98 a 98.81 dolares por barril, el Brent. Estimamos que seguir\u00e1 el primer aumento de otros que vendr\u00e1n, y todo el G7, menos Estados Unidos que le interesa va a ser afectados.<!-- AddThis Advanced Settings generic via filter on get_the_excerpt --><!-- AddThis Share Buttons generic via filter on get_the_excerpt --><\/p>\n","protected":false},"author":16,"featured_media":0,"comment_status":"open","ping_status":"closed","sticky":false,"template":"","format":"standard","meta":[],"categories":[1],"tags":[],"_links":{"self":[{"href":"https:\/\/blogs.elcomercio.es\/reflexiones-de-belarmino\/wp-json\/wp\/v2\/posts\/24960"}],"collection":[{"href":"https:\/\/blogs.elcomercio.es\/reflexiones-de-belarmino\/wp-json\/wp\/v2\/posts"}],"about":[{"href":"https:\/\/blogs.elcomercio.es\/reflexiones-de-belarmino\/wp-json\/wp\/v2\/types\/post"}],"author":[{"embeddable":true,"href":"https:\/\/blogs.elcomercio.es\/reflexiones-de-belarmino\/wp-json\/wp\/v2\/users\/16"}],"replies":[{"embeddable":true,"href":"https:\/\/blogs.elcomercio.es\/reflexiones-de-belarmino\/wp-json\/wp\/v2\/comments?post=24960"}],"version-history":[{"count":3,"href":"https:\/\/blogs.elcomercio.es\/reflexiones-de-belarmino\/wp-json\/wp\/v2\/posts\/24960\/revisions"}],"predecessor-version":[{"id":24963,"href":"https:\/\/blogs.elcomercio.es\/reflexiones-de-belarmino\/wp-json\/wp\/v2\/posts\/24960\/revisions\/24963"}],"wp:attachment":[{"href":"https:\/\/blogs.elcomercio.es\/reflexiones-de-belarmino\/wp-json\/wp\/v2\/media?parent=24960"}],"wp:term":[{"taxonomy":"category","embeddable":true,"href":"https:\/\/blogs.elcomercio.es\/reflexiones-de-belarmino\/wp-json\/wp\/v2\/categories?post=24960"},{"taxonomy":"post_tag","embeddable":true,"href":"https:\/\/blogs.elcomercio.es\/reflexiones-de-belarmino\/wp-json\/wp\/v2\/tags?post=24960"}],"curies":[{"name":"wp","href":"https:\/\/api.w.org\/{rel}","templated":true}]}}