{"id":24972,"date":"2022-09-04T10:55:47","date_gmt":"2022-09-04T08:55:47","guid":{"rendered":"https:\/\/blogs.elcomercio.es\/reflexiones-de-belarmino\/?p=24972"},"modified":"2022-09-04T10:55:47","modified_gmt":"2022-09-04T08:55:47","slug":"sera-usted-uno-de-los-144000-el-apocalipsis-la-nueva-jerusalen-y-saint-dennis","status":"publish","type":"post","link":"https:\/\/blogs.elcomercio.es\/reflexiones-de-belarmino\/2022\/09\/04\/sera-usted-uno-de-los-144000-el-apocalipsis-la-nueva-jerusalen-y-saint-dennis\/","title":{"rendered":"\u00a1\u00a1\u00a1\u00a1 \u00bfSERA USTED UNO DE  LOS 144,000,?, EL APOCALIPSIS,  LA NUEVA JERUSALEN Y SAINT DENNIS !!"},"content":{"rendered":"<p><b>Era principio de milenio en Francia. El mundo occidental estaba lleno de iglesias rom\u00e1nicas. Ning\u00fan\u00a0creyente pod\u00eda conseguir la Biblia, que estaba, como en toda la Edad Media en manos de los sacerdotes, por ello parea saber algo, necesariamente\u00a0\u00a0lo que val\u00eda era la voz del cura.<\/b><\/p>\n<p><b>Eran iglesias y sombr\u00edas, de recogimiento, pero en 1081 naci\u00f3 un ni\u00f1o en Francia, que dar\u00eda un giro sorprendente a esas iglesias rom\u00e1nicas.Lleg\u00f3 a ser el Abad de Saint Dennis, pero tambi\u00e9n hab\u00eda le\u00eddo\u00a0la Biblia y le impact\u00f3 el \u00faltimo libro del Evangelio seg\u00fan San Juan: El Apocalipsis.<\/b><\/p>\n<p><b>Y ah\u00ed encontr\u00f3 que al final de los tiempos, ser\u00edan 144,000 los que Dios Salvar\u00eda, pero adem\u00e1s encontr\u00f3 a la tremenda ciudad\u00a0 donde ir\u00edan esos privilegiados: LA NUEVA JERUSAL\u00c9N.<\/b><\/p>\n<p><b> Impresionante, alt\u00edsima, llena de luz y aquel Abad apellidado Suger, desde ese momento, supo que su misi\u00f3n en la vida era crear algo parecido a la Nueva Jerusal\u00e9n..<\/b><\/p>\n<p><b>Audaz, con cercan\u00eda\u00a0con el rey de Francia y luego con su hijo, ambos, por supuesto Luises y con un tremendo arquitecto, so\u00f1\u00f3 en transformar la iglesia de esa ciudad francesa donde \u00e9l era Abad.<\/b><\/p>\n<p><strong>Quer\u00eda algo muy alto, mas cercano al cielo, pero tendr\u00eda que llenar de luz, como en la Nueva Jerusalen.<\/strong><\/p>\n<p><b>Se dieron cuenta el y su arquitecto que levantar\u00a0una nueva iglesia con esas\u00a0caracter\u00edsticas\u00a0no pod\u00eda hacerse con el arco romano\u00a0e inventaron otro, que no soportase toda la enorme carga.<\/b><\/p>\n<p><b>No s\u00f3lo ten\u00eda que elevarla 29 metros m\u00e1s, sino que\u00a0 la nueva iglesia ten\u00eda que estar\u00a0inundadas\u00a0de luz.Y de ah\u00ed surgieron en las parte superior la Rosetas, y todos los enormes vitrales donde se explicase el evangelio.<\/b><\/p>\n<p><b>Era algo tan nunca visto, que tuvo enemigos, los circenses, pero Suger lo convenci\u00f3, y a los 50 a\u00f1os de edad se lanz\u00f3 a la construcci\u00f3n, sin darse cuenta que, al terminar y antes de morir a los 70 a\u00f1os hab\u00eda creado la primera IGLESIA G\u00d3TICA\u00a0DE LA HISTORIA.<\/b><\/p>\n<p><b>Para obtener recursos, sac\u00f3 todos los restos\u00a0santos venerados en el s\u00f3tano y los puso a la vista de los fieles y grandes adinerados, quienes pagaban por verlas o tocarlas.<\/b><\/p>\n<p><b>Convenci\u00f3 a los circenses de que el no se estaba enriqueciendo, y sac\u00f3 todas las reliquias, que est\u00e1n a la vista de la primera Catedral G\u00f3tica\u00a0del Cristianismo.<\/b><\/p>\n<p><b> Por cierto amable lectora\u00a0o lector, \u00bf Ser\u00e1 usted,\u00a0 uno de los 144,000 salvados?<\/b><\/p>\n<p>&nbsp;<\/p>\n<p>&nbsp;<\/p>\n<p>&nbsp;<\/p>\n<!-- AddThis Advanced Settings generic via filter on the_content --><!-- AddThis Share Buttons generic via filter on the_content -->","protected":false},"excerpt":{"rendered":"<p>Era principio de milenio en Francia. El mundo occidental estaba lleno de iglesias rom\u00e1nicas. Ning\u00fan\u00a0creyente pod\u00eda conseguir la Biblia, que estaba, como en toda la Edad Media en manos de los sacerdotes, por ello parea saber algo, necesariamente\u00a0\u00a0lo que val\u00eda era la voz del cura. Eran iglesias y sombr\u00edas, de recogimiento, pero en 1081 naci\u00f3 [&hellip;]<!-- AddThis Advanced Settings generic via filter on get_the_excerpt --><!-- AddThis Share Buttons generic via filter on get_the_excerpt --><\/p>\n","protected":false},"author":16,"featured_media":0,"comment_status":"open","ping_status":"closed","sticky":false,"template":"","format":"standard","meta":[],"categories":[1],"tags":[],"_links":{"self":[{"href":"https:\/\/blogs.elcomercio.es\/reflexiones-de-belarmino\/wp-json\/wp\/v2\/posts\/24972"}],"collection":[{"href":"https:\/\/blogs.elcomercio.es\/reflexiones-de-belarmino\/wp-json\/wp\/v2\/posts"}],"about":[{"href":"https:\/\/blogs.elcomercio.es\/reflexiones-de-belarmino\/wp-json\/wp\/v2\/types\/post"}],"author":[{"embeddable":true,"href":"https:\/\/blogs.elcomercio.es\/reflexiones-de-belarmino\/wp-json\/wp\/v2\/users\/16"}],"replies":[{"embeddable":true,"href":"https:\/\/blogs.elcomercio.es\/reflexiones-de-belarmino\/wp-json\/wp\/v2\/comments?post=24972"}],"version-history":[{"count":2,"href":"https:\/\/blogs.elcomercio.es\/reflexiones-de-belarmino\/wp-json\/wp\/v2\/posts\/24972\/revisions"}],"predecessor-version":[{"id":24974,"href":"https:\/\/blogs.elcomercio.es\/reflexiones-de-belarmino\/wp-json\/wp\/v2\/posts\/24972\/revisions\/24974"}],"wp:attachment":[{"href":"https:\/\/blogs.elcomercio.es\/reflexiones-de-belarmino\/wp-json\/wp\/v2\/media?parent=24972"}],"wp:term":[{"taxonomy":"category","embeddable":true,"href":"https:\/\/blogs.elcomercio.es\/reflexiones-de-belarmino\/wp-json\/wp\/v2\/categories?post=24972"},{"taxonomy":"post_tag","embeddable":true,"href":"https:\/\/blogs.elcomercio.es\/reflexiones-de-belarmino\/wp-json\/wp\/v2\/tags?post=24972"}],"curies":[{"name":"wp","href":"https:\/\/api.w.org\/{rel}","templated":true}]}}