{"id":24994,"date":"2022-09-05T08:40:46","date_gmt":"2022-09-05T06:40:46","guid":{"rendered":"https:\/\/blogs.elcomercio.es\/reflexiones-de-belarmino\/?p=24994"},"modified":"2022-09-05T08:40:46","modified_gmt":"2022-09-05T06:40:46","slug":"liz-traus-la-nueva-margaret-teacher-ganara-hoy-en-reino-unido","status":"publish","type":"post","link":"https:\/\/blogs.elcomercio.es\/reflexiones-de-belarmino\/2022\/09\/05\/liz-traus-la-nueva-margaret-teacher-ganara-hoy-en-reino-unido\/","title":{"rendered":"\u00a1\u00a1\u00a1\u00a1 LIZ TRAUS, LA NUEVA MARGARET TEACHER GANAR\u00c1 HOY EN REINO UNIDO !!"},"content":{"rendered":"<p><b>A media ma\u00f1ana se conocer\u00e1 en Londres, pero parece no haber\u00a0duda que la nueva\u00a0primer\u00a0ministro del Reino Unido ser\u00e1 la nueva Margaret Teacher, LIS TRAUS<\/b><\/p>\n<p><strong>Ma\u00f1ana, en Balmoral, la Reina Isabel le pedir\u00e1 que forme gobierno.<\/strong><\/p>\n<p><b>Con una inflaci\u00f3n\u00a0que puede llegar al 20 %, la primera\u00a0ministra, deja en la cuneta al poderoso hombre de Goldman Sachs, Rushi Sunak<\/b><\/p>\n<!-- AddThis Advanced Settings generic via filter on the_content --><!-- AddThis Share Buttons generic via filter on the_content -->","protected":false},"excerpt":{"rendered":"<p>A media ma\u00f1ana se conocer\u00e1 en Londres, pero parece no haber\u00a0duda que la nueva\u00a0primer\u00a0ministro del Reino Unido ser\u00e1 la nueva Margaret Teacher, LIS TRAUS Ma\u00f1ana, en Balmoral, la Reina Isabel le pedir\u00e1 que forme gobierno. Con una inflaci\u00f3n\u00a0que puede llegar al 20 %, la primera\u00a0ministra, deja en la cuneta al poderoso hombre de Goldman Sachs, [&hellip;]<!-- AddThis Advanced Settings generic via filter on get_the_excerpt --><!-- AddThis Share Buttons generic via filter on get_the_excerpt --><\/p>\n","protected":false},"author":16,"featured_media":0,"comment_status":"open","ping_status":"closed","sticky":false,"template":"","format":"standard","meta":[],"categories":[1],"tags":[],"_links":{"self":[{"href":"https:\/\/blogs.elcomercio.es\/reflexiones-de-belarmino\/wp-json\/wp\/v2\/posts\/24994"}],"collection":[{"href":"https:\/\/blogs.elcomercio.es\/reflexiones-de-belarmino\/wp-json\/wp\/v2\/posts"}],"about":[{"href":"https:\/\/blogs.elcomercio.es\/reflexiones-de-belarmino\/wp-json\/wp\/v2\/types\/post"}],"author":[{"embeddable":true,"href":"https:\/\/blogs.elcomercio.es\/reflexiones-de-belarmino\/wp-json\/wp\/v2\/users\/16"}],"replies":[{"embeddable":true,"href":"https:\/\/blogs.elcomercio.es\/reflexiones-de-belarmino\/wp-json\/wp\/v2\/comments?post=24994"}],"version-history":[{"count":1,"href":"https:\/\/blogs.elcomercio.es\/reflexiones-de-belarmino\/wp-json\/wp\/v2\/posts\/24994\/revisions"}],"predecessor-version":[{"id":24995,"href":"https:\/\/blogs.elcomercio.es\/reflexiones-de-belarmino\/wp-json\/wp\/v2\/posts\/24994\/revisions\/24995"}],"wp:attachment":[{"href":"https:\/\/blogs.elcomercio.es\/reflexiones-de-belarmino\/wp-json\/wp\/v2\/media?parent=24994"}],"wp:term":[{"taxonomy":"category","embeddable":true,"href":"https:\/\/blogs.elcomercio.es\/reflexiones-de-belarmino\/wp-json\/wp\/v2\/categories?post=24994"},{"taxonomy":"post_tag","embeddable":true,"href":"https:\/\/blogs.elcomercio.es\/reflexiones-de-belarmino\/wp-json\/wp\/v2\/tags?post=24994"}],"curies":[{"name":"wp","href":"https:\/\/api.w.org\/{rel}","templated":true}]}}