{"id":24998,"date":"2022-09-05T09:02:29","date_gmt":"2022-09-05T07:02:29","guid":{"rendered":"https:\/\/blogs.elcomercio.es\/reflexiones-de-belarmino\/?p=24998"},"modified":"2022-09-05T09:02:29","modified_gmt":"2022-09-05T07:02:29","slug":"el-61-82-rechaza-la-nueva-constitucion-chilena-con-un-si-del-38","status":"publish","type":"post","link":"https:\/\/blogs.elcomercio.es\/reflexiones-de-belarmino\/2022\/09\/05\/el-61-82-rechaza-la-nueva-constitucion-chilena-con-un-si-del-38\/","title":{"rendered":"\u00a1\u00a1\u00a1\u00a1\u00a1EL 61.82 % RECHAZA LA NUEVA CONSTITUCI\u00d3N CHILENA, CON UN SI DEL 38 % !!!"},"content":{"rendered":"<p><strong>Tras las tremendas movilizaciones y el triunfo para lograr cambiar la Constituci\u00f3n de Pinochet, la primera en el pa\u00eds con derechos sociales, fue rechazada por el 61.82 % de los chilenos\u00a0 y obtuvo s\u00f3lo la aprobaci\u00f3n del 38.13.<\/strong><\/p>\n<p><b>Boric lo asume y buscar\u00e1 modificaciones para presentarla\u00a0de nuevo.<\/b><\/p>\n<!-- AddThis Advanced Settings generic via filter on the_content --><!-- AddThis Share Buttons generic via filter on the_content -->","protected":false},"excerpt":{"rendered":"<p>Tras las tremendas movilizaciones y el triunfo para lograr cambiar la Constituci\u00f3n de Pinochet, la primera en el pa\u00eds con derechos sociales, fue rechazada por el 61.82 % de los chilenos\u00a0 y obtuvo s\u00f3lo la aprobaci\u00f3n del 38.13. Boric lo asume y buscar\u00e1 modificaciones para presentarla\u00a0de nuevo.<!-- AddThis Advanced Settings generic via filter on get_the_excerpt --><!-- AddThis Share Buttons generic via filter on get_the_excerpt --><\/p>\n","protected":false},"author":16,"featured_media":0,"comment_status":"open","ping_status":"closed","sticky":false,"template":"","format":"standard","meta":[],"categories":[1],"tags":[],"_links":{"self":[{"href":"https:\/\/blogs.elcomercio.es\/reflexiones-de-belarmino\/wp-json\/wp\/v2\/posts\/24998"}],"collection":[{"href":"https:\/\/blogs.elcomercio.es\/reflexiones-de-belarmino\/wp-json\/wp\/v2\/posts"}],"about":[{"href":"https:\/\/blogs.elcomercio.es\/reflexiones-de-belarmino\/wp-json\/wp\/v2\/types\/post"}],"author":[{"embeddable":true,"href":"https:\/\/blogs.elcomercio.es\/reflexiones-de-belarmino\/wp-json\/wp\/v2\/users\/16"}],"replies":[{"embeddable":true,"href":"https:\/\/blogs.elcomercio.es\/reflexiones-de-belarmino\/wp-json\/wp\/v2\/comments?post=24998"}],"version-history":[{"count":1,"href":"https:\/\/blogs.elcomercio.es\/reflexiones-de-belarmino\/wp-json\/wp\/v2\/posts\/24998\/revisions"}],"predecessor-version":[{"id":24999,"href":"https:\/\/blogs.elcomercio.es\/reflexiones-de-belarmino\/wp-json\/wp\/v2\/posts\/24998\/revisions\/24999"}],"wp:attachment":[{"href":"https:\/\/blogs.elcomercio.es\/reflexiones-de-belarmino\/wp-json\/wp\/v2\/media?parent=24998"}],"wp:term":[{"taxonomy":"category","embeddable":true,"href":"https:\/\/blogs.elcomercio.es\/reflexiones-de-belarmino\/wp-json\/wp\/v2\/categories?post=24998"},{"taxonomy":"post_tag","embeddable":true,"href":"https:\/\/blogs.elcomercio.es\/reflexiones-de-belarmino\/wp-json\/wp\/v2\/tags?post=24998"}],"curies":[{"name":"wp","href":"https:\/\/api.w.org\/{rel}","templated":true}]}}