{"id":25000,"date":"2022-09-05T09:07:39","date_gmt":"2022-09-05T07:07:39","guid":{"rendered":"https:\/\/blogs.elcomercio.es\/reflexiones-de-belarmino\/?p=25000"},"modified":"2022-09-05T09:07:39","modified_gmt":"2022-09-05T07:07:39","slug":"asturias-puede-ser-gobernada-por-el-pp-y-vox-en-mayo-alertamos","status":"publish","type":"post","link":"https:\/\/blogs.elcomercio.es\/reflexiones-de-belarmino\/2022\/09\/05\/asturias-puede-ser-gobernada-por-el-pp-y-vox-en-mayo-alertamos\/","title":{"rendered":"\u00a1\u00a1\u00a1\u00a1\u00a1ASTURIAS PUEDE SER GOBERNADA POR EL PP Y VOX. EN MAYO. ALERTAMOS !!!"},"content":{"rendered":"<p><b>Igual que la encuesta de El Pa\u00eds, por primera vez dan a la suma PP(121) y VOX(47), lo llevan ya a 168, 7 esca\u00f1os de la mayor\u00eda absoluta, en ASTURIAS\u00a0 existe el riesgo de que pueda perder la izquierda\u00a0la regi\u00f3n y, que entrase al gobierno Vox.<\/b><\/p>\n<!-- AddThis Advanced Settings generic via filter on the_content --><!-- AddThis Share Buttons generic via filter on the_content -->","protected":false},"excerpt":{"rendered":"<p>Igual que la encuesta de El Pa\u00eds, por primera vez dan a la suma PP(121) y VOX(47), lo llevan ya a 168, 7 esca\u00f1os de la mayor\u00eda absoluta, en ASTURIAS\u00a0 existe el riesgo de que pueda perder la izquierda\u00a0la regi\u00f3n y, que entrase al gobierno Vox.<!-- AddThis Advanced Settings generic via filter on get_the_excerpt --><!-- AddThis Share Buttons generic via filter on get_the_excerpt --><\/p>\n","protected":false},"author":16,"featured_media":0,"comment_status":"open","ping_status":"closed","sticky":false,"template":"","format":"standard","meta":[],"categories":[1],"tags":[],"_links":{"self":[{"href":"https:\/\/blogs.elcomercio.es\/reflexiones-de-belarmino\/wp-json\/wp\/v2\/posts\/25000"}],"collection":[{"href":"https:\/\/blogs.elcomercio.es\/reflexiones-de-belarmino\/wp-json\/wp\/v2\/posts"}],"about":[{"href":"https:\/\/blogs.elcomercio.es\/reflexiones-de-belarmino\/wp-json\/wp\/v2\/types\/post"}],"author":[{"embeddable":true,"href":"https:\/\/blogs.elcomercio.es\/reflexiones-de-belarmino\/wp-json\/wp\/v2\/users\/16"}],"replies":[{"embeddable":true,"href":"https:\/\/blogs.elcomercio.es\/reflexiones-de-belarmino\/wp-json\/wp\/v2\/comments?post=25000"}],"version-history":[{"count":1,"href":"https:\/\/blogs.elcomercio.es\/reflexiones-de-belarmino\/wp-json\/wp\/v2\/posts\/25000\/revisions"}],"predecessor-version":[{"id":25001,"href":"https:\/\/blogs.elcomercio.es\/reflexiones-de-belarmino\/wp-json\/wp\/v2\/posts\/25000\/revisions\/25001"}],"wp:attachment":[{"href":"https:\/\/blogs.elcomercio.es\/reflexiones-de-belarmino\/wp-json\/wp\/v2\/media?parent=25000"}],"wp:term":[{"taxonomy":"category","embeddable":true,"href":"https:\/\/blogs.elcomercio.es\/reflexiones-de-belarmino\/wp-json\/wp\/v2\/categories?post=25000"},{"taxonomy":"post_tag","embeddable":true,"href":"https:\/\/blogs.elcomercio.es\/reflexiones-de-belarmino\/wp-json\/wp\/v2\/tags?post=25000"}],"curies":[{"name":"wp","href":"https:\/\/api.w.org\/{rel}","templated":true}]}}