{"id":25007,"date":"2022-09-05T15:01:57","date_gmt":"2022-09-05T13:01:57","guid":{"rendered":"https:\/\/blogs.elcomercio.es\/reflexiones-de-belarmino\/?p=25007"},"modified":"2022-09-05T15:01:57","modified_gmt":"2022-09-05T13:01:57","slug":"reino-unido-hacia-una-catastrofe-humanitaria-financial-times-triunfa-truss","status":"publish","type":"post","link":"https:\/\/blogs.elcomercio.es\/reflexiones-de-belarmino\/2022\/09\/05\/reino-unido-hacia-una-catastrofe-humanitaria-financial-times-triunfa-truss\/","title":{"rendered":"\u00a1\u00a1\u00a1\u00a1&#8221; REINO UNIDO HACIA UNA CAT\u00c1STROFE HUMANITARIA&#8221;.- FINANCIAL TIMES.- TRIUNFA TRUSS !!!"},"content":{"rendered":"<p><b>Finalmente\u00a0electa Liz Truss, el Reino Unido enfrentar\u00e1 problemas superiores a la UNi\u00f3n Europea. Desbocada la inflaci\u00f3n , bajo crecimiento, de que tama\u00f1o es el problema que The Financial Times ha publicado: &#8221; EL REINO UNIDO VA HACIA UNA CAT\u00c1STROFE\u00a0HUMANITARIA EN ESTE INVIERNO &#8220;.<\/b><\/p>\n<p><b>El todopoderoso\u00a0Imperio Brit\u00e1nico, su esqueleto original va a sufrir los que por centenares de a\u00f1os vivieron\u00a0sus &#8221; s\u00fabditos\u00a0&#8220;<\/b><\/p>\n<!-- AddThis Advanced Settings generic via filter on the_content --><!-- AddThis Share Buttons generic via filter on the_content -->","protected":false},"excerpt":{"rendered":"<p>Finalmente\u00a0electa Liz Truss, el Reino Unido enfrentar\u00e1 problemas superiores a la UNi\u00f3n Europea. Desbocada la inflaci\u00f3n , bajo crecimiento, de que tama\u00f1o es el problema que The Financial Times ha publicado: &#8221; EL REINO UNIDO VA HACIA UNA CAT\u00c1STROFE\u00a0HUMANITARIA EN ESTE INVIERNO &#8220;. El todopoderoso\u00a0Imperio Brit\u00e1nico, su esqueleto original va a sufrir los que por [&hellip;]<!-- AddThis Advanced Settings generic via filter on get_the_excerpt --><!-- AddThis Share Buttons generic via filter on get_the_excerpt --><\/p>\n","protected":false},"author":16,"featured_media":0,"comment_status":"open","ping_status":"closed","sticky":false,"template":"","format":"standard","meta":[],"categories":[1],"tags":[],"_links":{"self":[{"href":"https:\/\/blogs.elcomercio.es\/reflexiones-de-belarmino\/wp-json\/wp\/v2\/posts\/25007"}],"collection":[{"href":"https:\/\/blogs.elcomercio.es\/reflexiones-de-belarmino\/wp-json\/wp\/v2\/posts"}],"about":[{"href":"https:\/\/blogs.elcomercio.es\/reflexiones-de-belarmino\/wp-json\/wp\/v2\/types\/post"}],"author":[{"embeddable":true,"href":"https:\/\/blogs.elcomercio.es\/reflexiones-de-belarmino\/wp-json\/wp\/v2\/users\/16"}],"replies":[{"embeddable":true,"href":"https:\/\/blogs.elcomercio.es\/reflexiones-de-belarmino\/wp-json\/wp\/v2\/comments?post=25007"}],"version-history":[{"count":2,"href":"https:\/\/blogs.elcomercio.es\/reflexiones-de-belarmino\/wp-json\/wp\/v2\/posts\/25007\/revisions"}],"predecessor-version":[{"id":25009,"href":"https:\/\/blogs.elcomercio.es\/reflexiones-de-belarmino\/wp-json\/wp\/v2\/posts\/25007\/revisions\/25009"}],"wp:attachment":[{"href":"https:\/\/blogs.elcomercio.es\/reflexiones-de-belarmino\/wp-json\/wp\/v2\/media?parent=25007"}],"wp:term":[{"taxonomy":"category","embeddable":true,"href":"https:\/\/blogs.elcomercio.es\/reflexiones-de-belarmino\/wp-json\/wp\/v2\/categories?post=25007"},{"taxonomy":"post_tag","embeddable":true,"href":"https:\/\/blogs.elcomercio.es\/reflexiones-de-belarmino\/wp-json\/wp\/v2\/tags?post=25007"}],"curies":[{"name":"wp","href":"https:\/\/api.w.org\/{rel}","templated":true}]}}