{"id":25012,"date":"2022-09-05T15:22:07","date_gmt":"2022-09-05T13:22:07","guid":{"rendered":"https:\/\/blogs.elcomercio.es\/reflexiones-de-belarmino\/?p=25012"},"modified":"2022-09-05T15:22:07","modified_gmt":"2022-09-05T13:22:07","slug":"mostrando-su-ignorancia-feijoo-se-refirio-a-garcia-marque-en-el-otono-del-patriarca-para-hablar-del-otono-de-sanchez","status":"publish","type":"post","link":"https:\/\/blogs.elcomercio.es\/reflexiones-de-belarmino\/2022\/09\/05\/mostrando-su-ignorancia-feijoo-se-refirio-a-garcia-marque-en-el-otono-del-patriarca-para-hablar-del-otono-de-sanchez\/","title":{"rendered":"\u00a1\u00a1\u00a1MOSTRANDO SU IGNORANCIA FEIJ\u00d3O SE REFIRI\u00d3 A GARCIA MARQUE, EN EL OTO\u00d1O DEL PATRIARCA PARA HABLAR DEL &#8220;OTO\u00d1O DE SANCHEZ&#8221;!!!"},"content":{"rendered":"<p><b>Pomposamente, quien no ha le\u00eddo\u00a0a Garc\u00eda Marquez, solt\u00f3. &#8221; El gran escritor, respetado por todos ya lo anticip\u00f3 en el OTO\u00d1O DEL PATRIARCA.Hoy estamos en el &#8220;OTO\u00d1O DE SANCHEZ &#8220;.<\/b><\/p>\n<p><b>Como nunca lo ha le\u00eddo, no sabe que Garcia Marquez, hablaba del Patriarca\u00a0como un dictador latinoamericano que llevaba, como Porfirio D\u00f1iaz o Trujillo, decenas de a\u00f1os sin dejar el poder a la mala.<\/b><\/p>\n<p><strong>Se\u00f1or Feij\u00f3o, el presidente del Gobierno Espa\u00f1ol, es el presidente salido de las urnas por voluntad del pueblo de Espa\u00f1a.<\/strong><\/p>\n<p><strong>Pero para ustedes estos a\u00f1os de so\u00f1ar con tirar a Sanchez, se les debe haber parecido una eternidad.<\/strong><\/p>\n<p><b>Democraticamente Pedro Sanchez, tir\u00f3 a Mariano Rajoy en una Moci\u00f3n\u00a0de Censura por la CORRUPCI\u00d3N\u00a0INFINITA DEL PARTIDO POPULAR, luego a Casado y faltan 14 meses, para ver si llega\u00a0 el de Galicia en 2024.<\/b><\/p>\n<p>&nbsp;<\/p>\n<!-- AddThis Advanced Settings generic via filter on the_content --><!-- AddThis Share Buttons generic via filter on the_content -->","protected":false},"excerpt":{"rendered":"<p>Pomposamente, quien no ha le\u00eddo\u00a0a Garc\u00eda Marquez, solt\u00f3. &#8221; El gran escritor, respetado por todos ya lo anticip\u00f3 en el OTO\u00d1O DEL PATRIARCA.Hoy estamos en el &#8220;OTO\u00d1O DE SANCHEZ &#8220;. Como nunca lo ha le\u00eddo, no sabe que Garcia Marquez, hablaba del Patriarca\u00a0como un dictador latinoamericano que llevaba, como Porfirio D\u00f1iaz o Trujillo, decenas de [&hellip;]<!-- AddThis Advanced Settings generic via filter on get_the_excerpt --><!-- AddThis Share Buttons generic via filter on get_the_excerpt --><\/p>\n","protected":false},"author":16,"featured_media":0,"comment_status":"open","ping_status":"closed","sticky":false,"template":"","format":"standard","meta":[],"categories":[1],"tags":[],"_links":{"self":[{"href":"https:\/\/blogs.elcomercio.es\/reflexiones-de-belarmino\/wp-json\/wp\/v2\/posts\/25012"}],"collection":[{"href":"https:\/\/blogs.elcomercio.es\/reflexiones-de-belarmino\/wp-json\/wp\/v2\/posts"}],"about":[{"href":"https:\/\/blogs.elcomercio.es\/reflexiones-de-belarmino\/wp-json\/wp\/v2\/types\/post"}],"author":[{"embeddable":true,"href":"https:\/\/blogs.elcomercio.es\/reflexiones-de-belarmino\/wp-json\/wp\/v2\/users\/16"}],"replies":[{"embeddable":true,"href":"https:\/\/blogs.elcomercio.es\/reflexiones-de-belarmino\/wp-json\/wp\/v2\/comments?post=25012"}],"version-history":[{"count":2,"href":"https:\/\/blogs.elcomercio.es\/reflexiones-de-belarmino\/wp-json\/wp\/v2\/posts\/25012\/revisions"}],"predecessor-version":[{"id":25014,"href":"https:\/\/blogs.elcomercio.es\/reflexiones-de-belarmino\/wp-json\/wp\/v2\/posts\/25012\/revisions\/25014"}],"wp:attachment":[{"href":"https:\/\/blogs.elcomercio.es\/reflexiones-de-belarmino\/wp-json\/wp\/v2\/media?parent=25012"}],"wp:term":[{"taxonomy":"category","embeddable":true,"href":"https:\/\/blogs.elcomercio.es\/reflexiones-de-belarmino\/wp-json\/wp\/v2\/categories?post=25012"},{"taxonomy":"post_tag","embeddable":true,"href":"https:\/\/blogs.elcomercio.es\/reflexiones-de-belarmino\/wp-json\/wp\/v2\/tags?post=25012"}],"curies":[{"name":"wp","href":"https:\/\/api.w.org\/{rel}","templated":true}]}}