{"id":25021,"date":"2022-09-05T16:07:42","date_gmt":"2022-09-05T14:07:42","guid":{"rendered":"https:\/\/blogs.elcomercio.es\/reflexiones-de-belarmino\/?p=25021"},"modified":"2022-09-05T16:07:42","modified_gmt":"2022-09-05T14:07:42","slug":"democracia-en-espana-sin-un-poder-4-anos-sin-que-el-pp-renueve-el-poder-judicial","status":"publish","type":"post","link":"https:\/\/blogs.elcomercio.es\/reflexiones-de-belarmino\/2022\/09\/05\/democracia-en-espana-sin-un-poder-4-anos-sin-que-el-pp-renueve-el-poder-judicial\/","title":{"rendered":"\u00a1\u00a1\u00a1\u00a1\u00a1\u00bf DEMOCRACIA EN ESPA\u00d1A, SIN UN PODER?. 4 A\u00d1OS SIN QUE EL PP RENUEVE EL PODER JUDICIAL !!!"},"content":{"rendered":"<p><b>Somos muy dados a hablar\u00a0de Democracia, pero analicemos: Hay Democracia Pol\u00edtica\u00a0y Democracia Econ\u00f3mica.<\/b><\/p>\n<p><b>En todo Occidente NO HAY DEMOCRACIA ECON\u00d3MICA(bueno en casi todos los paises del mundo) pero DEMOCRACIA POL\u00cdTICA, tampoco lo es,\u00a0 es que funcione un pa\u00eds con dos poderes como en Espa\u00f1a, donde el Judicial lleva 4 a\u00f1os INCONSTITUCIONALEMNTE SIN RENOVAR, y el Jefe de Estado es heredeitario.<\/b><\/p>\n<p><strong>En Am\u00e9rica Latina el poder judicial ha estado sometido muchas veces, al Ejecutivo, pero ESTE ES ELEGIDO.<\/strong><\/p>\n<p><b>Fue clara la indignaci\u00f3n\u00a0e impotencia de Lesmes hoy: &#8220;No tengo ninguna esperanza de que se renueve el Poder Judicial.&#8221;.<\/b><\/p>\n<p><strong>Y el Partido Popular sigue 4 a\u00f1os sin renovarlo.<\/strong><\/p>\n<p>&nbsp;<\/p>\n<!-- AddThis Advanced Settings generic via filter on the_content --><!-- AddThis Share Buttons generic via filter on the_content -->","protected":false},"excerpt":{"rendered":"<p>Somos muy dados a hablar\u00a0de Democracia, pero analicemos: Hay Democracia Pol\u00edtica\u00a0y Democracia Econ\u00f3mica. En todo Occidente NO HAY DEMOCRACIA ECON\u00d3MICA(bueno en casi todos los paises del mundo) pero DEMOCRACIA POL\u00cdTICA, tampoco lo es,\u00a0 es que funcione un pa\u00eds con dos poderes como en Espa\u00f1a, donde el Judicial lleva 4 a\u00f1os INCONSTITUCIONALEMNTE SIN RENOVAR, y el [&hellip;]<!-- AddThis Advanced Settings generic via filter on get_the_excerpt --><!-- AddThis Share Buttons generic via filter on get_the_excerpt --><\/p>\n","protected":false},"author":16,"featured_media":0,"comment_status":"open","ping_status":"closed","sticky":false,"template":"","format":"standard","meta":[],"categories":[1],"tags":[],"_links":{"self":[{"href":"https:\/\/blogs.elcomercio.es\/reflexiones-de-belarmino\/wp-json\/wp\/v2\/posts\/25021"}],"collection":[{"href":"https:\/\/blogs.elcomercio.es\/reflexiones-de-belarmino\/wp-json\/wp\/v2\/posts"}],"about":[{"href":"https:\/\/blogs.elcomercio.es\/reflexiones-de-belarmino\/wp-json\/wp\/v2\/types\/post"}],"author":[{"embeddable":true,"href":"https:\/\/blogs.elcomercio.es\/reflexiones-de-belarmino\/wp-json\/wp\/v2\/users\/16"}],"replies":[{"embeddable":true,"href":"https:\/\/blogs.elcomercio.es\/reflexiones-de-belarmino\/wp-json\/wp\/v2\/comments?post=25021"}],"version-history":[{"count":2,"href":"https:\/\/blogs.elcomercio.es\/reflexiones-de-belarmino\/wp-json\/wp\/v2\/posts\/25021\/revisions"}],"predecessor-version":[{"id":25023,"href":"https:\/\/blogs.elcomercio.es\/reflexiones-de-belarmino\/wp-json\/wp\/v2\/posts\/25021\/revisions\/25023"}],"wp:attachment":[{"href":"https:\/\/blogs.elcomercio.es\/reflexiones-de-belarmino\/wp-json\/wp\/v2\/media?parent=25021"}],"wp:term":[{"taxonomy":"category","embeddable":true,"href":"https:\/\/blogs.elcomercio.es\/reflexiones-de-belarmino\/wp-json\/wp\/v2\/categories?post=25021"},{"taxonomy":"post_tag","embeddable":true,"href":"https:\/\/blogs.elcomercio.es\/reflexiones-de-belarmino\/wp-json\/wp\/v2\/tags?post=25021"}],"curies":[{"name":"wp","href":"https:\/\/api.w.org\/{rel}","templated":true}]}}