{"id":25024,"date":"2022-09-05T16:50:25","date_gmt":"2022-09-05T14:50:25","guid":{"rendered":"https:\/\/blogs.elcomercio.es\/reflexiones-de-belarmino\/?p=25024"},"modified":"2022-09-05T16:51:03","modified_gmt":"2022-09-05T14:51:03","slug":"ante-turbulencias-hasta-2025-sugerimos-ponerse-cinturones-despues","status":"publish","type":"post","link":"https:\/\/blogs.elcomercio.es\/reflexiones-de-belarmino\/2022\/09\/05\/ante-turbulencias-hasta-2025-sugerimos-ponerse-cinturones-despues\/","title":{"rendered":"\u00a1\u00a1\u00a1\u00a1ANTE TURBULENCIAS HASTA 2025, SUGERIMOS &#8220;PONERSE CINTURONES &#8220;. DESPU\u00c9S (?????) !!!"},"content":{"rendered":"<p><b>Es puro sentido com\u00fan, no deseada como las grandes nubes que ve el piloto en el avi\u00f3n ,pero que ya est\u00e1n formadas\u00a0y hay que cruzarles. En estos tres a\u00f1os, tenemos ante nosotros:<\/b><\/p>\n<p><b>1) El principio de una guerra cuyo alcance desconocemos, pero que est\u00e1 llenado a\u00a0la Tierra de armas y m\u00e1s armas, para la alegr\u00eda de la industria armamentista de EE:UU..Rusia, China, Alemania, Espa\u00f1a y muchos m\u00e1s, y con consecuencias colaterales como la falta de alimentos, la subida del gas, el petroleo y la electricidad.Y con ello lo que Hitler nunca tuvo: las 20,000 armas nucleares.<\/b><b>.<\/b><\/p>\n<p><b>2) Estamos entrando en una recesi\u00f3n mundial de todos conocida y padecida, que vendr\u00e1 como consecuencia de los niveles de inflaci\u00f3n, falta de crecimiento, aumento de las tasas de intereses de los Bancos Centrales, que va a hacer que los paises con mayor\u00a0deuda, tenga que sacar de sus presupuesto un dinero que quer\u00edan para lo social.Italia pasa de 2.5 el PIB nacional y Espa\u00f1a est\u00e1 en 1.4 del PIB.<\/b><\/p>\n<p><b>3) Inevitablemente\u00a0ello va a llevar a tensiones sociales en todo el mundo.<\/b><\/p>\n<p><b>4) Por primera vez en 200 a\u00f1os, puede darse una ruptura interna en el pa\u00eds m\u00e1s poderoso del mundo los Estados Unidos, con consecuencias impredecibles cuando los propios generales del mas alto rango, han advertido que Donald Trump, no est\u00e1 para manejar armas at\u00f3micas, pero que el llamado a la rebeli\u00f3n que est\u00e1 realizando, tiene detr\u00e1s\u00a0de ella a decenas de millones de republicanos, sea cual fuere el resultado de las elecciones de noviembre.<\/b><\/p>\n<p><strong>5) La Tierra sigue mandando mensajes, y NO HAY UNA RESPUESTA GLOBAL al riesgo del 2030 que la Conferencia de Par\u00eds advirti\u00f3.<\/strong><\/p>\n<p><b>\u00bf QUE SER\u00c1 NECESARIO PARA QUE UNA ACCI\u00d3N\u00a0GLOBAL SUPERE A LOS NACIONALISMOS\u00a0<\/b><b>VERGONZANTES?.<\/b><\/p>\n<p><b>Hay que cruzar estos nubarrones que no s\u00f3lo se distinguen desde la cabina del capit\u00e1n, sino que son alertadas\u00a0por todas las torres de control en el camino a su destino.<\/b><\/p>\n<p><strong>Estamos hablando de 3 a\u00f1os.<\/strong><\/p>\n<p><b>Lo que haya tras cruzarles, no tenemos, por lo menos nosotros,\u00a0 ni idea de que nos espera, aunque\u00a0desear\u00edamos\u00a0como en un vuelo, apareciese al fin de esas nubes y el sol y el azul del cielo y\u00a0 se presenten\u00a0ante nosotros.<\/b><\/p>\n<p><b>Ante la incapacidad individual, hay que buscar que los da\u00f1os colaterales\u00a0de salud, de ansiedad, de econom\u00eda, y tensiones sociales no nos golpeen demasiado, que eso si est\u00e1 en manos de cada uno de nosotros.<\/b><\/p>\n<p>&nbsp;<\/p>\n<p>&nbsp;<\/p>\n<p>&nbsp;<\/p>\n<!-- AddThis Advanced Settings generic via filter on the_content --><!-- AddThis Share Buttons generic via filter on the_content -->","protected":false},"excerpt":{"rendered":"<p>Es puro sentido com\u00fan, no deseada como las grandes nubes que ve el piloto en el avi\u00f3n ,pero que ya est\u00e1n formadas\u00a0y hay que cruzarles. En estos tres a\u00f1os, tenemos ante nosotros: 1) El principio de una guerra cuyo alcance desconocemos, pero que est\u00e1 llenado a\u00a0la Tierra de armas y m\u00e1s armas, para la alegr\u00eda [&hellip;]<!-- AddThis Advanced Settings generic via filter on get_the_excerpt --><!-- AddThis Share Buttons generic via filter on get_the_excerpt --><\/p>\n","protected":false},"author":16,"featured_media":0,"comment_status":"open","ping_status":"closed","sticky":false,"template":"","format":"standard","meta":[],"categories":[1],"tags":[],"_links":{"self":[{"href":"https:\/\/blogs.elcomercio.es\/reflexiones-de-belarmino\/wp-json\/wp\/v2\/posts\/25024"}],"collection":[{"href":"https:\/\/blogs.elcomercio.es\/reflexiones-de-belarmino\/wp-json\/wp\/v2\/posts"}],"about":[{"href":"https:\/\/blogs.elcomercio.es\/reflexiones-de-belarmino\/wp-json\/wp\/v2\/types\/post"}],"author":[{"embeddable":true,"href":"https:\/\/blogs.elcomercio.es\/reflexiones-de-belarmino\/wp-json\/wp\/v2\/users\/16"}],"replies":[{"embeddable":true,"href":"https:\/\/blogs.elcomercio.es\/reflexiones-de-belarmino\/wp-json\/wp\/v2\/comments?post=25024"}],"version-history":[{"count":2,"href":"https:\/\/blogs.elcomercio.es\/reflexiones-de-belarmino\/wp-json\/wp\/v2\/posts\/25024\/revisions"}],"predecessor-version":[{"id":25026,"href":"https:\/\/blogs.elcomercio.es\/reflexiones-de-belarmino\/wp-json\/wp\/v2\/posts\/25024\/revisions\/25026"}],"wp:attachment":[{"href":"https:\/\/blogs.elcomercio.es\/reflexiones-de-belarmino\/wp-json\/wp\/v2\/media?parent=25024"}],"wp:term":[{"taxonomy":"category","embeddable":true,"href":"https:\/\/blogs.elcomercio.es\/reflexiones-de-belarmino\/wp-json\/wp\/v2\/categories?post=25024"},{"taxonomy":"post_tag","embeddable":true,"href":"https:\/\/blogs.elcomercio.es\/reflexiones-de-belarmino\/wp-json\/wp\/v2\/tags?post=25024"}],"curies":[{"name":"wp","href":"https:\/\/api.w.org\/{rel}","templated":true}]}}