{"id":25028,"date":"2022-09-06T09:34:30","date_gmt":"2022-09-06T07:34:30","guid":{"rendered":"https:\/\/blogs.elcomercio.es\/reflexiones-de-belarmino\/?p=25028"},"modified":"2022-09-06T09:34:30","modified_gmt":"2022-09-06T07:34:30","slug":"de-victoria-a-carlos-120-anos-de-decadencia-del-gran-imperio","status":"publish","type":"post","link":"https:\/\/blogs.elcomercio.es\/reflexiones-de-belarmino\/2022\/09\/06\/de-victoria-a-carlos-120-anos-de-decadencia-del-gran-imperio\/","title":{"rendered":"\u00a1\u00a1\u00a1DE VICTORIA A CARLOS, 120 A\u00d1OS DE DECADENCIA DEL GRAN IMPERIO !!!"},"content":{"rendered":"<p><b>1901,cuando fallece\u00a0la reina Victoria, el Imperio ten\u00eda 1\/3 parte de territorio mundial y 2 \/5 parte de la riqueza mundial.120 a\u00f1os despu\u00e9s, el Reino Unido, volvi\u00f3 a su esqueleto\u00a0original ,su isla, y siendo ejemplo de ser un de los pa\u00edses con m\u00e1s dif\u00edcil\u00a0futuro de su entorno, al grado que su gran diario econ\u00f3mico\u00a0, el de la poderosa City de Londres, The Financial Times\u00a0 publica: &#8221; Reino Unido va hacia una cat\u00e1strofe\u00a0humanitaria&#8221;.<\/b><\/p>\n<p><b>Y adem\u00e1s, le tocar\u00e1 a un Carlos, in\u00fatil, ser Jefe de Estado.<\/b><\/p>\n<p><strong>La historia es la historia.<\/strong><\/p>\n<!-- AddThis Advanced Settings generic via filter on the_content --><!-- AddThis Share Buttons generic via filter on the_content -->","protected":false},"excerpt":{"rendered":"<p>1901,cuando fallece\u00a0la reina Victoria, el Imperio ten\u00eda 1\/3 parte de territorio mundial y 2 \/5 parte de la riqueza mundial.120 a\u00f1os despu\u00e9s, el Reino Unido, volvi\u00f3 a su esqueleto\u00a0original ,su isla, y siendo ejemplo de ser un de los pa\u00edses con m\u00e1s dif\u00edcil\u00a0futuro de su entorno, al grado que su gran diario econ\u00f3mico\u00a0, el de [&hellip;]<!-- AddThis Advanced Settings generic via filter on get_the_excerpt --><!-- AddThis Share Buttons generic via filter on get_the_excerpt --><\/p>\n","protected":false},"author":16,"featured_media":0,"comment_status":"open","ping_status":"closed","sticky":false,"template":"","format":"standard","meta":[],"categories":[1],"tags":[],"_links":{"self":[{"href":"https:\/\/blogs.elcomercio.es\/reflexiones-de-belarmino\/wp-json\/wp\/v2\/posts\/25028"}],"collection":[{"href":"https:\/\/blogs.elcomercio.es\/reflexiones-de-belarmino\/wp-json\/wp\/v2\/posts"}],"about":[{"href":"https:\/\/blogs.elcomercio.es\/reflexiones-de-belarmino\/wp-json\/wp\/v2\/types\/post"}],"author":[{"embeddable":true,"href":"https:\/\/blogs.elcomercio.es\/reflexiones-de-belarmino\/wp-json\/wp\/v2\/users\/16"}],"replies":[{"embeddable":true,"href":"https:\/\/blogs.elcomercio.es\/reflexiones-de-belarmino\/wp-json\/wp\/v2\/comments?post=25028"}],"version-history":[{"count":1,"href":"https:\/\/blogs.elcomercio.es\/reflexiones-de-belarmino\/wp-json\/wp\/v2\/posts\/25028\/revisions"}],"predecessor-version":[{"id":25029,"href":"https:\/\/blogs.elcomercio.es\/reflexiones-de-belarmino\/wp-json\/wp\/v2\/posts\/25028\/revisions\/25029"}],"wp:attachment":[{"href":"https:\/\/blogs.elcomercio.es\/reflexiones-de-belarmino\/wp-json\/wp\/v2\/media?parent=25028"}],"wp:term":[{"taxonomy":"category","embeddable":true,"href":"https:\/\/blogs.elcomercio.es\/reflexiones-de-belarmino\/wp-json\/wp\/v2\/categories?post=25028"},{"taxonomy":"post_tag","embeddable":true,"href":"https:\/\/blogs.elcomercio.es\/reflexiones-de-belarmino\/wp-json\/wp\/v2\/tags?post=25028"}],"curies":[{"name":"wp","href":"https:\/\/api.w.org\/{rel}","templated":true}]}}