{"id":25043,"date":"2022-09-06T11:56:41","date_gmt":"2022-09-06T09:56:41","guid":{"rendered":"https:\/\/blogs.elcomercio.es\/reflexiones-de-belarmino\/?p=25043"},"modified":"2022-09-06T11:56:41","modified_gmt":"2022-09-06T09:56:41","slug":"las-bolsas-intentan-recuperarse-sin-exito-por-la-crisis-energetica-la-inflacion-descontrolada-el-euro-recupera-y-el-petroleo-en-93-dls","status":"publish","type":"post","link":"https:\/\/blogs.elcomercio.es\/reflexiones-de-belarmino\/2022\/09\/06\/las-bolsas-intentan-recuperarse-sin-exito-por-la-crisis-energetica-la-inflacion-descontrolada-el-euro-recupera-y-el-petroleo-en-93-dls\/","title":{"rendered":"\u00a1\u00a1\u00a1LAS BOLSAS INTENTAN RECUPERARSE SIN \u00c9XITO, POR LA CRISIS ENERG\u00c9TICA LA INFLACI\u00d3N DESCONTROLADA.EL EURO RECUPERA Y EL PETROLEO EN 93 DLS!!!"},"content":{"rendered":"<p><b>Hay que recordar que ayer fue festivo en los EE:UU,, pero en Europa las bolsas intentan el rebrote sin existo debido a la crisis\u00a0energ\u00e9tica\u00a0y una incontrolable inflaci\u00f3n, ante lo posible subida de intereses de 75 puntos del BCE.<\/b><\/p>\n<p><strong>En euro se recupera y el petroleo baja un 2 % hasta los 93 d\u00f3lares barril.<\/strong><\/p>\n<p>&nbsp;<\/p>\n<!-- AddThis Advanced Settings generic via filter on the_content --><!-- AddThis Share Buttons generic via filter on the_content -->","protected":false},"excerpt":{"rendered":"<p>Hay que recordar que ayer fue festivo en los EE:UU,, pero en Europa las bolsas intentan el rebrote sin existo debido a la crisis\u00a0energ\u00e9tica\u00a0y una incontrolable inflaci\u00f3n, ante lo posible subida de intereses de 75 puntos del BCE. En euro se recupera y el petroleo baja un 2 % hasta los 93 d\u00f3lares barril. &nbsp;<!-- AddThis Advanced Settings generic via filter on get_the_excerpt --><!-- AddThis Share Buttons generic via filter on get_the_excerpt --><\/p>\n","protected":false},"author":16,"featured_media":0,"comment_status":"open","ping_status":"closed","sticky":false,"template":"","format":"standard","meta":[],"categories":[1],"tags":[],"_links":{"self":[{"href":"https:\/\/blogs.elcomercio.es\/reflexiones-de-belarmino\/wp-json\/wp\/v2\/posts\/25043"}],"collection":[{"href":"https:\/\/blogs.elcomercio.es\/reflexiones-de-belarmino\/wp-json\/wp\/v2\/posts"}],"about":[{"href":"https:\/\/blogs.elcomercio.es\/reflexiones-de-belarmino\/wp-json\/wp\/v2\/types\/post"}],"author":[{"embeddable":true,"href":"https:\/\/blogs.elcomercio.es\/reflexiones-de-belarmino\/wp-json\/wp\/v2\/users\/16"}],"replies":[{"embeddable":true,"href":"https:\/\/blogs.elcomercio.es\/reflexiones-de-belarmino\/wp-json\/wp\/v2\/comments?post=25043"}],"version-history":[{"count":2,"href":"https:\/\/blogs.elcomercio.es\/reflexiones-de-belarmino\/wp-json\/wp\/v2\/posts\/25043\/revisions"}],"predecessor-version":[{"id":25045,"href":"https:\/\/blogs.elcomercio.es\/reflexiones-de-belarmino\/wp-json\/wp\/v2\/posts\/25043\/revisions\/25045"}],"wp:attachment":[{"href":"https:\/\/blogs.elcomercio.es\/reflexiones-de-belarmino\/wp-json\/wp\/v2\/media?parent=25043"}],"wp:term":[{"taxonomy":"category","embeddable":true,"href":"https:\/\/blogs.elcomercio.es\/reflexiones-de-belarmino\/wp-json\/wp\/v2\/categories?post=25043"},{"taxonomy":"post_tag","embeddable":true,"href":"https:\/\/blogs.elcomercio.es\/reflexiones-de-belarmino\/wp-json\/wp\/v2\/tags?post=25043"}],"curies":[{"name":"wp","href":"https:\/\/api.w.org\/{rel}","templated":true}]}}