{"id":25048,"date":"2022-09-06T12:15:58","date_gmt":"2022-09-06T10:15:58","guid":{"rendered":"https:\/\/blogs.elcomercio.es\/reflexiones-de-belarmino\/?p=25048"},"modified":"2022-09-06T12:15:58","modified_gmt":"2022-09-06T10:15:58","slug":"el-presidente-de-la-republica-se-reune-con-los-dos-principales-dirigentes-empresariales-para-combatir-la-inflacion","status":"publish","type":"post","link":"https:\/\/blogs.elcomercio.es\/reflexiones-de-belarmino\/2022\/09\/06\/el-presidente-de-la-republica-se-reune-con-los-dos-principales-dirigentes-empresariales-para-combatir-la-inflacion\/","title":{"rendered":"\u00a1\u00a1\u00a1\u00a1EL PRESIDENTE DE LA REP\u00daBLICA SE RE\u00daNE CON LOS DOS PRINCIPALES DIRIGENTES EMPRESARIALES PARA COMBATIR LA INFLACI\u00d3N !!!"},"content":{"rendered":"<p><strong>Tras anunciar en La Ma\u00f1anera que esta semana se reunir\u00e1 el gabinete econ\u00f3mico para buscar las medidas para parar la inflaci\u00f3n, el presidente L\u00f3pez Obrador se reuni\u00f3 en Palacio Nacional con los dos presidentes de las principales organizaciones empresariales del pa\u00eds, Francisco Cervantes del Consejo Coordinador Empresarial y Antonio del Valle del Consejo Mexicano de Hombres de Negocios.<\/strong><\/p>\n<p><b>En la fotograf\u00eda\u00a0de los 3 que se difundi\u00f3, L\u00f3pez Orador dijo\u00a0que&#8221; hab\u00eda\u00a0sido un encuentro, respetuoso, productivo y fraterno&#8221;.<\/b><\/p>\n<p><b>Cuando hay buena relaci\u00f3n entre Gobierno y Empresarios, es m\u00e1s f\u00e1cil\u00a0tomar medidas.<\/b><\/p>\n<p><b>Ayer la\u00a0Mezcla Mexicana estuvo a 82.56 dolares, y no dependiendo ya del petroleo para el presupuesto, con los excedentes, el gobierno mantiene la gasolina a 0.80 euros, m\u00e1s barata que EE:UU 1.31 dls y Espa\u00f1a 2 d\u00f3lares., medida que ayuda en la lucha contra la inflaci\u00f3n.<\/b><\/p>\n<!-- AddThis Advanced Settings generic via filter on the_content --><!-- AddThis Share Buttons generic via filter on the_content -->","protected":false},"excerpt":{"rendered":"<p>Tras anunciar en La Ma\u00f1anera que esta semana se reunir\u00e1 el gabinete econ\u00f3mico para buscar las medidas para parar la inflaci\u00f3n, el presidente L\u00f3pez Obrador se reuni\u00f3 en Palacio Nacional con los dos presidentes de las principales organizaciones empresariales del pa\u00eds, Francisco Cervantes del Consejo Coordinador Empresarial y Antonio del Valle del Consejo Mexicano de [&hellip;]<!-- AddThis Advanced Settings generic via filter on get_the_excerpt --><!-- AddThis Share Buttons generic via filter on get_the_excerpt --><\/p>\n","protected":false},"author":16,"featured_media":0,"comment_status":"open","ping_status":"closed","sticky":false,"template":"","format":"standard","meta":[],"categories":[1],"tags":[],"_links":{"self":[{"href":"https:\/\/blogs.elcomercio.es\/reflexiones-de-belarmino\/wp-json\/wp\/v2\/posts\/25048"}],"collection":[{"href":"https:\/\/blogs.elcomercio.es\/reflexiones-de-belarmino\/wp-json\/wp\/v2\/posts"}],"about":[{"href":"https:\/\/blogs.elcomercio.es\/reflexiones-de-belarmino\/wp-json\/wp\/v2\/types\/post"}],"author":[{"embeddable":true,"href":"https:\/\/blogs.elcomercio.es\/reflexiones-de-belarmino\/wp-json\/wp\/v2\/users\/16"}],"replies":[{"embeddable":true,"href":"https:\/\/blogs.elcomercio.es\/reflexiones-de-belarmino\/wp-json\/wp\/v2\/comments?post=25048"}],"version-history":[{"count":1,"href":"https:\/\/blogs.elcomercio.es\/reflexiones-de-belarmino\/wp-json\/wp\/v2\/posts\/25048\/revisions"}],"predecessor-version":[{"id":25049,"href":"https:\/\/blogs.elcomercio.es\/reflexiones-de-belarmino\/wp-json\/wp\/v2\/posts\/25048\/revisions\/25049"}],"wp:attachment":[{"href":"https:\/\/blogs.elcomercio.es\/reflexiones-de-belarmino\/wp-json\/wp\/v2\/media?parent=25048"}],"wp:term":[{"taxonomy":"category","embeddable":true,"href":"https:\/\/blogs.elcomercio.es\/reflexiones-de-belarmino\/wp-json\/wp\/v2\/categories?post=25048"},{"taxonomy":"post_tag","embeddable":true,"href":"https:\/\/blogs.elcomercio.es\/reflexiones-de-belarmino\/wp-json\/wp\/v2\/tags?post=25048"}],"curies":[{"name":"wp","href":"https:\/\/api.w.org\/{rel}","templated":true}]}}