{"id":25050,"date":"2022-09-06T13:08:25","date_gmt":"2022-09-06T11:08:25","guid":{"rendered":"https:\/\/blogs.elcomercio.es\/reflexiones-de-belarmino\/?p=25050"},"modified":"2022-09-06T13:08:25","modified_gmt":"2022-09-06T11:08:25","slug":"urgente-goldman-sachs-estima-que-la-crisis-energetica-le-va-a-costar-a-europa-el-15-de-su-pib","status":"publish","type":"post","link":"https:\/\/blogs.elcomercio.es\/reflexiones-de-belarmino\/2022\/09\/06\/urgente-goldman-sachs-estima-que-la-crisis-energetica-le-va-a-costar-a-europa-el-15-de-su-pib\/","title":{"rendered":"\u00a1\u00a1\u00a1\u00a1 URGENTE.- GOLDMAN % SACHS, ESTIMA QUE LA CRISIS ENERG\u00c9TICA LE VA A COSTAR A EUROPA EL&#8230;15% DE SU PIB !!!"},"content":{"rendered":"<p><strong>Goldman % Sachs el autentico gur\u00fc mundial ha dicho que ESTIMA QUE LA CRISIS\u00a0<\/strong><b>ENERG\u00c9TICA LE VA A COSTAR A EUROPA EL 15 % DE SU PIB.<\/b><\/p>\n<p><strong>Ley\u00f3 bien: el 15 % DE LA RIQUEZA DE TODA EUROPA se va a perder por la crisis\u00a0<\/strong><b>energ\u00e9tica. Si Espa\u00f1a tiene un PIB de 1.15 Billones de dolares, el costo ser\u00e1 de\u00a0 m\u00e1s de 200,000 millones de euros.<\/b><\/p>\n<p><strong>De ese nivel&#8230;&#8230;<\/strong><\/p>\n<!-- AddThis Advanced Settings generic via filter on the_content --><!-- AddThis Share Buttons generic via filter on the_content -->","protected":false},"excerpt":{"rendered":"<p>Goldman % Sachs el autentico gur\u00fc mundial ha dicho que ESTIMA QUE LA CRISIS\u00a0ENERG\u00c9TICA LE VA A COSTAR A EUROPA EL 15 % DE SU PIB. Ley\u00f3 bien: el 15 % DE LA RIQUEZA DE TODA EUROPA se va a perder por la crisis\u00a0energ\u00e9tica. Si Espa\u00f1a tiene un PIB de 1.15 Billones de dolares, el [&hellip;]<!-- AddThis Advanced Settings generic via filter on get_the_excerpt --><!-- AddThis Share Buttons generic via filter on get_the_excerpt --><\/p>\n","protected":false},"author":16,"featured_media":0,"comment_status":"open","ping_status":"closed","sticky":false,"template":"","format":"standard","meta":[],"categories":[1],"tags":[],"_links":{"self":[{"href":"https:\/\/blogs.elcomercio.es\/reflexiones-de-belarmino\/wp-json\/wp\/v2\/posts\/25050"}],"collection":[{"href":"https:\/\/blogs.elcomercio.es\/reflexiones-de-belarmino\/wp-json\/wp\/v2\/posts"}],"about":[{"href":"https:\/\/blogs.elcomercio.es\/reflexiones-de-belarmino\/wp-json\/wp\/v2\/types\/post"}],"author":[{"embeddable":true,"href":"https:\/\/blogs.elcomercio.es\/reflexiones-de-belarmino\/wp-json\/wp\/v2\/users\/16"}],"replies":[{"embeddable":true,"href":"https:\/\/blogs.elcomercio.es\/reflexiones-de-belarmino\/wp-json\/wp\/v2\/comments?post=25050"}],"version-history":[{"count":2,"href":"https:\/\/blogs.elcomercio.es\/reflexiones-de-belarmino\/wp-json\/wp\/v2\/posts\/25050\/revisions"}],"predecessor-version":[{"id":25052,"href":"https:\/\/blogs.elcomercio.es\/reflexiones-de-belarmino\/wp-json\/wp\/v2\/posts\/25050\/revisions\/25052"}],"wp:attachment":[{"href":"https:\/\/blogs.elcomercio.es\/reflexiones-de-belarmino\/wp-json\/wp\/v2\/media?parent=25050"}],"wp:term":[{"taxonomy":"category","embeddable":true,"href":"https:\/\/blogs.elcomercio.es\/reflexiones-de-belarmino\/wp-json\/wp\/v2\/categories?post=25050"},{"taxonomy":"post_tag","embeddable":true,"href":"https:\/\/blogs.elcomercio.es\/reflexiones-de-belarmino\/wp-json\/wp\/v2\/tags?post=25050"}],"curies":[{"name":"wp","href":"https:\/\/api.w.org\/{rel}","templated":true}]}}